{"id":8548,"date":"2026-03-02T08:23:09","date_gmt":"2026-03-02T07:23:09","guid":{"rendered":"https:\/\/emcel.com\/de\/?p=8548"},"modified":"2026-03-02T08:23:17","modified_gmt":"2026-03-02T07:23:17","slug":"emcel-gratuliert-allen-151-foerderempfaengern-des-letzten-foerderaufrufs","status":"publish","type":"post","link":"https:\/\/emcel.com\/de\/emcel-gratuliert-allen-151-foerderempfaengern-des-letzten-foerderaufrufs\/","title":{"rendered":"EMCEL gratuliert allen 151 F\u00f6rderempf\u00e4ngern des letzten F\u00f6rderaufrufs!"},"content":{"rendered":"<p>Am 24.02.2026 fand die diesj\u00e4hrige BMV-Fachkonferenz \u201eKlimafreundliche Busse 2026\u201c im Bundesministerium f\u00fcr Verkehr statt. Die Veranstaltung wurde unter anderem von der NOW GmbH organisiert.<\/p>\n<p><!--more--><\/p>\n<p>Im Rahmen der Konferenz wurden die F\u00f6rderurkunden an rund 100 der insgesamt 151 Verkehrsunternehmen \u00fcbergeben, deren Antr\u00e4ge im letzten F\u00f6rderaufruf positiv beschieden wurden. Insgesamt werden etwa 1.900 Batterie- und Brennstoffzellenbusse mit einem F\u00f6rdervolumen von 417 Millionen Euro unterst\u00fctzt.<\/p>\n<p>EMCEL durfte mehrere Verkehrsunternehmen bei der Erstellung und Einreichung ihrer F\u00f6rderantr\u00e4ge begleiten. Besonders erfreulich war es, die erfolgreichen Partner bei der \u00dcbergabe der F\u00f6rderurkunden auf der B\u00fchne des BMV zu sehen. Stellvertretend ist auf dem Bild Christian Winzenh\u00f6ler (rechts) von der Omnibusbetrieb Winzenh\u00f6ler GmbH &amp; Co. KG zu sehen, der die F\u00f6rderung f\u00fcr sechs Brennstoffzellenbusse entgegennahm. Ebenso gratulieren wir der Gebr. Andr\u00e9 GmbH zu elf Batteriebussen inklusive Infrastruktur sowie der SWK Mobil GmbH zu 19 Brennstoffzellenbussen.<\/p>\n<p>Im Zuge der Fachkonferenz k\u00fcndigte Bundesverkehrsminister Patrik Schnieder eine neue F\u00f6rderrichtlinie an. Diese soll noch im Fr\u00fchjahr ver\u00f6ffentlicht werden und ein Budget von bis zu 500 Millionen Euro umfassen. Konkrete Details liegen bislang nicht vor, die Ausgestaltung soll sich jedoch an der bisherigen Richtlinie orientieren.<\/p>\n<p>Sie planen die Umstellung Ihrer Busflotte und ben\u00f6tigen Unterst\u00fctzung bei der Beantragung von F\u00f6rdermitteln? Wir erstellen Ihre Projektskizzen und F\u00f6rderantr\u00e4ge und begleiten Sie durch den gesamten F\u00f6rderprozess. Weitere Informationen finden Sie in unserer Leistungs\u00fcbersicht im Bereich <a href=\"https:\/\/emcel.com\/de\/leistungen\/elektromobilitaet\/\" target=\"_blank\" rel=\"noreferrer noopener\">Elektromobilit\u00e4t und Elektrifizierung von Nutzfahrzeugflotten<\/a>. Gerne stehen wir Ihnen f\u00fcr ein pers\u00f6nliches Gespr\u00e4ch zur Verf\u00fcgung:<\/p>\n<hr class=\"wp-block-separator has-alpha-channel-opacity\"\/>\n<p>Sprechen Sie uns an!<\/p>\n<p>Nicol\u00f2 Queirazza (Vertrieb)<br \/><a href=\"mailto:nicolo.queirazza@emcel.com\">nicolo.queirazza@emcel.com<\/a><br \/>Tel: +49 (0)221 29 26 95 \u2013 213<\/p>\n","protected":false},"excerpt":{"rendered":"Am 24.02.2026 fand die diesj\u00e4hrige BMV-Fachkonferenz \u201eKlimafreundliche Busse 2026\u201c im Bundesministerium f\u00fcr Verkehr statt. Die Veranstaltung wurde unter anderem von der NOW GmbH organisiert.","protected":false},"author":17,"featured_media":8547,"comment_status":"closed","ping_status":"closed","sticky":false,"template":"","format":"standard","meta":{"_acf_changed":false,"_genesis_hide_title":false,"_genesis_hide_breadcrumbs":false,"_genesis_hide_singular_image":false,"_genesis_hide_footer_widgets":false,"_genesis_custom_body_class":"","_genesis_custom_post_class":"","_genesis_layout":"","episode_type":"audio","audio_file":"","podmotor_file_id":"","podmotor_episode_id":"","cover_image":"","cover_image_id":"","duration":"","filesize":"","filesize_raw":"","date_recorded":"","explicit":"","block":"","itunes_episode_number":"","itunes_title":"","itunes_season_number":"","itunes_episode_type":"","footnotes":""},"categories":[5],"tags":[7,21,8,310,30],"series":[],"class_list":{"0":"post-8548","1":"post","2":"type-post","3":"status-publish","4":"format-standard","5":"has-post-thumbnail","7":"category-aktuelles","8":"tag-elektrobus","9":"tag-elektrobusse","10":"tag-elektromobilitaet","11":"tag-foerderbescheid","12":"tag-wasserstoff","13":"entry"},"acf":[],"episode_featured_image":"https:\/\/emcel.com\/de\/wp-content\/uploads\/2026\/03\/Image.jpeg","episode_player_image":"https:\/\/emcel.com\/de\/wp-content\/uploads\/2026\/04\/Logo.jpg","download_link":"","player_link":"","audio_player":false,"episode_data":{"playerMode":"light","subscribeUrls":{"amazon":{"key":"amazon","url":"","label":"Amazon","class":"amazon","icon":"amazon.png"},"audible":{"key":"audible","url":"","label":"Audible","class":"audible","icon":"audible.png"},"apple_podcasts":{"key":"apple_podcasts","url":"","label":"Apple Podcasts","class":"apple_podcasts","icon":"apple-podcasts.png"},"deezer":{"key":"deezer","url":"","label":"Deezer","class":"deezer","icon":"deezer.png"},"spotify":{"key":"spotify","url":"","label":"Spotify","class":"spotify","icon":"spotify.png"},"youtube":{"key":"youtube","url":"","label":"YouTube","class":"youtube","icon":"youtube.png"}},"rssFeedUrl":"https:\/\/emcel.com\/de\/feed\/podcast\/waermewende-gemeinsam-heute","embedCode":"<blockquote class=\"wp-embedded-content\" data-secret=\"ldayfrWHhZ\"><a href=\"https:\/\/emcel.com\/de\/emcel-gratuliert-allen-151-foerderempfaengern-des-letzten-foerderaufrufs\/\">EMCEL gratuliert allen 151 F\u00f6rderempf\u00e4ngern des letzten F\u00f6rderaufrufs!<\/a><\/blockquote><iframe sandbox=\"allow-scripts\" security=\"restricted\" src=\"https:\/\/emcel.com\/de\/emcel-gratuliert-allen-151-foerderempfaengern-des-letzten-foerderaufrufs\/embed\/#?secret=ldayfrWHhZ\" width=\"500\" height=\"350\" title=\"&#8222;EMCEL gratuliert allen 151 F\u00f6rderempf\u00e4ngern des letzten F\u00f6rderaufrufs!&#8220; &#8211; EMCEL\" data-secret=\"ldayfrWHhZ\" frameborder=\"0\" marginwidth=\"0\" marginheight=\"0\" scrolling=\"no\" class=\"wp-embedded-content\"><\/iframe><script type=\"text\/javascript\">\n\/* <![CDATA[ *\/\n\/*! This file is auto-generated *\/\n!function(d,l){\"use strict\";l.querySelector&&d.addEventListener&&\"undefined\"!=typeof URL&&(d.wp=d.wp||{},d.wp.receiveEmbedMessage||(d.wp.receiveEmbedMessage=function(e){var t=e.data;if((t||t.secret||t.message||t.value)&&!\/[^a-zA-Z0-9]\/.test(t.secret)){for(var s,r,n,a=l.querySelectorAll('iframe[data-secret=\"'+t.secret+'\"]'),o=l.querySelectorAll('blockquote[data-secret=\"'+t.secret+'\"]'),c=new RegExp(\"^https?:$\",\"i\"),i=0;i<o.length;i++)o[i].style.display=\"none\";for(i=0;i<a.length;i++)s=a[i],e.source===s.contentWindow&&(s.removeAttribute(\"style\"),\"height\"===t.message?(1e3<(r=parseInt(t.value,10))?r=1e3:~~r<200&&(r=200),s.height=r):\"link\"===t.message&&(r=new URL(s.getAttribute(\"src\")),n=new URL(t.value),c.test(n.protocol))&&n.host===r.host&&l.activeElement===s&&(d.top.location.href=t.value))}},d.addEventListener(\"message\",d.wp.receiveEmbedMessage,!1),l.addEventListener(\"DOMContentLoaded\",function(){for(var e,t,s=l.querySelectorAll(\"iframe.wp-embedded-content\"),r=0;r<s.length;r++)(t=(e=s[r]).getAttribute(\"data-secret\"))||(t=Math.random().toString(36).substring(2,12),e.src+=\"#?secret=\"+t,e.setAttribute(\"data-secret\",t)),e.contentWindow.postMessage({message:\"ready\",secret:t},\"*\")},!1)))}(window,document);\n\/\/# sourceURL=https:\/\/emcel.com\/de\/wp-includes\/js\/wp-embed.min.js\n\/* ]]> *\/\n<\/script>\n"},"yoast_head":"<!-- This site is optimized with the Yoast SEO plugin v27.3 - https:\/\/yoast.com\/product\/yoast-seo-wordpress\/ -->\n<title>EMCEL gratuliert F\u00f6rderempf\u00e4ngern<\/title>\n<meta name=\"description\" content=\"Am 24.02.2026 wurden die F\u00f6rderbescheide an 151 Verkehrsunternehmen \u00fcbergeben. EMCEL gratuliert allen F\u00f6rderempf\u00e4ngern.\" \/>\n<meta name=\"robots\" content=\"index, follow, max-snippet:-1, max-image-preview:large, max-video-preview:-1\" \/>\n<link rel=\"canonical\" href=\"https:\/\/emcel.com\/de\/emcel-gratuliert-allen-151-foerderempfaengern-des-letzten-foerderaufrufs\/\" \/>\n<meta property=\"og:locale\" content=\"de_DE\" \/>\n<meta property=\"og:type\" content=\"article\" \/>\n<meta property=\"og:title\" content=\"EMCEL gratuliert F\u00f6rderempf\u00e4ngern\" \/>\n<meta property=\"og:description\" content=\"Am 24.02.2026 wurden die F\u00f6rderbescheide an 151 Verkehrsunternehmen \u00fcbergeben. EMCEL gratuliert allen F\u00f6rderempf\u00e4ngern.\" \/>\n<meta property=\"og:url\" content=\"https:\/\/emcel.com\/de\/emcel-gratuliert-allen-151-foerderempfaengern-des-letzten-foerderaufrufs\/\" \/>\n<meta property=\"og:site_name\" content=\"EMCEL\" \/>\n<meta property=\"article:published_time\" content=\"2026-03-02T07:23:09+00:00\" \/>\n<meta property=\"article:modified_time\" content=\"2026-03-02T07:23:17+00:00\" \/>\n<meta property=\"og:image\" content=\"https:\/\/emcel.com\/de\/wp-content\/uploads\/2026\/03\/Image.jpeg\" \/>\n\t<meta property=\"og:image:width\" content=\"1920\" \/>\n\t<meta property=\"og:image:height\" content=\"1440\" \/>\n\t<meta property=\"og:image:type\" content=\"image\/jpeg\" \/>\n<meta name=\"author\" content=\"Fabian Haasenleder\" \/>\n<meta name=\"twitter:card\" content=\"summary_large_image\" \/>\n<meta name=\"twitter:label1\" content=\"Verfasst von\" \/>\n\t<meta name=\"twitter:data1\" content=\"Fabian Haasenleder\" \/>\n\t<meta name=\"twitter:label2\" content=\"Gesch\u00e4tzte Lesezeit\" \/>\n\t<meta name=\"twitter:data2\" content=\"2\u00a0Minuten\" \/>\n<script type=\"application\/ld+json\" class=\"yoast-schema-graph\">{\"@context\":\"https:\\\/\\\/schema.org\",\"@graph\":[{\"@type\":\"Article\",\"@id\":\"https:\\\/\\\/emcel.com\\\/de\\\/emcel-gratuliert-allen-151-foerderempfaengern-des-letzten-foerderaufrufs\\\/#article\",\"isPartOf\":{\"@id\":\"https:\\\/\\\/emcel.com\\\/de\\\/emcel-gratuliert-allen-151-foerderempfaengern-des-letzten-foerderaufrufs\\\/\"},\"author\":{\"name\":\"Fabian Haasenleder\",\"@id\":\"https:\\\/\\\/emcel.com\\\/de\\\/#\\\/schema\\\/person\\\/bb182e3192325ceb724f4aaba1e5ce1e\"},\"headline\":\"EMCEL gratuliert allen 151 F\u00f6rderempf\u00e4ngern des letzten F\u00f6rderaufrufs!\",\"datePublished\":\"2026-03-02T07:23:09+00:00\",\"dateModified\":\"2026-03-02T07:23:17+00:00\",\"mainEntityOfPage\":{\"@id\":\"https:\\\/\\\/emcel.com\\\/de\\\/emcel-gratuliert-allen-151-foerderempfaengern-des-letzten-foerderaufrufs\\\/\"},\"wordCount\":279,\"image\":{\"@id\":\"https:\\\/\\\/emcel.com\\\/de\\\/emcel-gratuliert-allen-151-foerderempfaengern-des-letzten-foerderaufrufs\\\/#primaryimage\"},\"thumbnailUrl\":\"https:\\\/\\\/emcel.com\\\/de\\\/wp-content\\\/uploads\\\/2026\\\/03\\\/Image.jpeg\",\"keywords\":[\"Elektrobus\",\"Elektrobusse\",\"Elektromobilit\u00e4t\",\"F\u00f6rderbescheid\",\"Wasserstoff\"],\"articleSection\":[\"Aktuelles\"],\"inLanguage\":\"de\"},{\"@type\":\"WebPage\",\"@id\":\"https:\\\/\\\/emcel.com\\\/de\\\/emcel-gratuliert-allen-151-foerderempfaengern-des-letzten-foerderaufrufs\\\/\",\"url\":\"https:\\\/\\\/emcel.com\\\/de\\\/emcel-gratuliert-allen-151-foerderempfaengern-des-letzten-foerderaufrufs\\\/\",\"name\":\"EMCEL gratuliert F\u00f6rderempf\u00e4ngern\",\"isPartOf\":{\"@id\":\"https:\\\/\\\/emcel.com\\\/de\\\/#website\"},\"primaryImageOfPage\":{\"@id\":\"https:\\\/\\\/emcel.com\\\/de\\\/emcel-gratuliert-allen-151-foerderempfaengern-des-letzten-foerderaufrufs\\\/#primaryimage\"},\"image\":{\"@id\":\"https:\\\/\\\/emcel.com\\\/de\\\/emcel-gratuliert-allen-151-foerderempfaengern-des-letzten-foerderaufrufs\\\/#primaryimage\"},\"thumbnailUrl\":\"https:\\\/\\\/emcel.com\\\/de\\\/wp-content\\\/uploads\\\/2026\\\/03\\\/Image.jpeg\",\"datePublished\":\"2026-03-02T07:23:09+00:00\",\"dateModified\":\"2026-03-02T07:23:17+00:00\",\"author\":{\"@id\":\"https:\\\/\\\/emcel.com\\\/de\\\/#\\\/schema\\\/person\\\/bb182e3192325ceb724f4aaba1e5ce1e\"},\"description\":\"Am 24.02.2026 wurden die F\u00f6rderbescheide an 151 Verkehrsunternehmen \u00fcbergeben. EMCEL gratuliert allen F\u00f6rderempf\u00e4ngern.\",\"breadcrumb\":{\"@id\":\"https:\\\/\\\/emcel.com\\\/de\\\/emcel-gratuliert-allen-151-foerderempfaengern-des-letzten-foerderaufrufs\\\/#breadcrumb\"},\"inLanguage\":\"de\",\"potentialAction\":[{\"@type\":\"ReadAction\",\"target\":[\"https:\\\/\\\/emcel.com\\\/de\\\/emcel-gratuliert-allen-151-foerderempfaengern-des-letzten-foerderaufrufs\\\/\"]}]},{\"@type\":\"ImageObject\",\"inLanguage\":\"de\",\"@id\":\"https:\\\/\\\/emcel.com\\\/de\\\/emcel-gratuliert-allen-151-foerderempfaengern-des-letzten-foerderaufrufs\\\/#primaryimage\",\"url\":\"https:\\\/\\\/emcel.com\\\/de\\\/wp-content\\\/uploads\\\/2026\\\/03\\\/Image.jpeg\",\"contentUrl\":\"https:\\\/\\\/emcel.com\\\/de\\\/wp-content\\\/uploads\\\/2026\\\/03\\\/Image.jpeg\",\"width\":1920,\"height\":1440,\"caption\":\"EMCEL F\u00f6rderbescheid\"},{\"@type\":\"BreadcrumbList\",\"@id\":\"https:\\\/\\\/emcel.com\\\/de\\\/emcel-gratuliert-allen-151-foerderempfaengern-des-letzten-foerderaufrufs\\\/#breadcrumb\",\"itemListElement\":[{\"@type\":\"ListItem\",\"position\":1,\"name\":\"Home\",\"item\":\"https:\\\/\\\/emcel.com\\\/de\\\/\"},{\"@type\":\"ListItem\",\"position\":2,\"name\":\"EMCEL gratuliert allen 151 F\u00f6rderempf\u00e4ngern des letzten F\u00f6rderaufrufs!\"}]},{\"@type\":\"WebSite\",\"@id\":\"https:\\\/\\\/emcel.com\\\/de\\\/#website\",\"url\":\"https:\\\/\\\/emcel.com\\\/de\\\/\",\"name\":\"EMCEL\",\"description\":\"Ingenieurb\u00fcro f\u00fcr Brennstoffzelle, Wasserstofftechnologie und Elektromobilit\u00e4t\",\"potentialAction\":[{\"@type\":\"SearchAction\",\"target\":{\"@type\":\"EntryPoint\",\"urlTemplate\":\"https:\\\/\\\/emcel.com\\\/de\\\/?s={search_term_string}\"},\"query-input\":{\"@type\":\"PropertyValueSpecification\",\"valueRequired\":true,\"valueName\":\"search_term_string\"}}],\"inLanguage\":\"de\"},{\"@type\":\"Person\",\"@id\":\"https:\\\/\\\/emcel.com\\\/de\\\/#\\\/schema\\\/person\\\/bb182e3192325ceb724f4aaba1e5ce1e\",\"name\":\"Fabian Haasenleder\",\"image\":{\"@type\":\"ImageObject\",\"inLanguage\":\"de\",\"@id\":\"https:\\\/\\\/secure.gravatar.com\\\/avatar\\\/f49d12a700f094b03ef4bc35910eeecae46dc201e51af1187cca2221843b6244?s=96&d=mm&r=g\",\"url\":\"https:\\\/\\\/secure.gravatar.com\\\/avatar\\\/f49d12a700f094b03ef4bc35910eeecae46dc201e51af1187cca2221843b6244?s=96&d=mm&r=g\",\"contentUrl\":\"https:\\\/\\\/secure.gravatar.com\\\/avatar\\\/f49d12a700f094b03ef4bc35910eeecae46dc201e51af1187cca2221843b6244?s=96&d=mm&r=g\",\"caption\":\"Fabian Haasenleder\"},\"url\":\"https:\\\/\\\/emcel.com\\\/de\\\/author\\\/fabian-haasenlederemcel-com\\\/\"}]}<\/script>\n<!-- \/ Yoast SEO plugin. -->","yoast_head_json":{"title":"EMCEL gratuliert F\u00f6rderempf\u00e4ngern","description":"Am 24.02.2026 wurden die F\u00f6rderbescheide an 151 Verkehrsunternehmen \u00fcbergeben. EMCEL gratuliert allen F\u00f6rderempf\u00e4ngern.","robots":{"index":"index","follow":"follow","max-snippet":"max-snippet:-1","max-image-preview":"max-image-preview:large","max-video-preview":"max-video-preview:-1"},"canonical":"https:\/\/emcel.com\/de\/emcel-gratuliert-allen-151-foerderempfaengern-des-letzten-foerderaufrufs\/","og_locale":"de_DE","og_type":"article","og_title":"EMCEL gratuliert F\u00f6rderempf\u00e4ngern","og_description":"Am 24.02.2026 wurden die F\u00f6rderbescheide an 151 Verkehrsunternehmen \u00fcbergeben. EMCEL gratuliert allen F\u00f6rderempf\u00e4ngern.","og_url":"https:\/\/emcel.com\/de\/emcel-gratuliert-allen-151-foerderempfaengern-des-letzten-foerderaufrufs\/","og_site_name":"EMCEL","article_published_time":"2026-03-02T07:23:09+00:00","article_modified_time":"2026-03-02T07:23:17+00:00","og_image":[{"width":1920,"height":1440,"url":"https:\/\/emcel.com\/de\/wp-content\/uploads\/2026\/03\/Image.jpeg","type":"image\/jpeg"}],"author":"Fabian Haasenleder","twitter_card":"summary_large_image","twitter_misc":{"Verfasst von":"Fabian Haasenleder","Gesch\u00e4tzte Lesezeit":"2\u00a0Minuten"},"schema":{"@context":"https:\/\/schema.org","@graph":[{"@type":"Article","@id":"https:\/\/emcel.com\/de\/emcel-gratuliert-allen-151-foerderempfaengern-des-letzten-foerderaufrufs\/#article","isPartOf":{"@id":"https:\/\/emcel.com\/de\/emcel-gratuliert-allen-151-foerderempfaengern-des-letzten-foerderaufrufs\/"},"author":{"name":"Fabian Haasenleder","@id":"https:\/\/emcel.com\/de\/#\/schema\/person\/bb182e3192325ceb724f4aaba1e5ce1e"},"headline":"EMCEL gratuliert allen 151 F\u00f6rderempf\u00e4ngern des letzten F\u00f6rderaufrufs!","datePublished":"2026-03-02T07:23:09+00:00","dateModified":"2026-03-02T07:23:17+00:00","mainEntityOfPage":{"@id":"https:\/\/emcel.com\/de\/emcel-gratuliert-allen-151-foerderempfaengern-des-letzten-foerderaufrufs\/"},"wordCount":279,"image":{"@id":"https:\/\/emcel.com\/de\/emcel-gratuliert-allen-151-foerderempfaengern-des-letzten-foerderaufrufs\/#primaryimage"},"thumbnailUrl":"https:\/\/emcel.com\/de\/wp-content\/uploads\/2026\/03\/Image.jpeg","keywords":["Elektrobus","Elektrobusse","Elektromobilit\u00e4t","F\u00f6rderbescheid","Wasserstoff"],"articleSection":["Aktuelles"],"inLanguage":"de"},{"@type":"WebPage","@id":"https:\/\/emcel.com\/de\/emcel-gratuliert-allen-151-foerderempfaengern-des-letzten-foerderaufrufs\/","url":"https:\/\/emcel.com\/de\/emcel-gratuliert-allen-151-foerderempfaengern-des-letzten-foerderaufrufs\/","name":"EMCEL gratuliert F\u00f6rderempf\u00e4ngern","isPartOf":{"@id":"https:\/\/emcel.com\/de\/#website"},"primaryImageOfPage":{"@id":"https:\/\/emcel.com\/de\/emcel-gratuliert-allen-151-foerderempfaengern-des-letzten-foerderaufrufs\/#primaryimage"},"image":{"@id":"https:\/\/emcel.com\/de\/emcel-gratuliert-allen-151-foerderempfaengern-des-letzten-foerderaufrufs\/#primaryimage"},"thumbnailUrl":"https:\/\/emcel.com\/de\/wp-content\/uploads\/2026\/03\/Image.jpeg","datePublished":"2026-03-02T07:23:09+00:00","dateModified":"2026-03-02T07:23:17+00:00","author":{"@id":"https:\/\/emcel.com\/de\/#\/schema\/person\/bb182e3192325ceb724f4aaba1e5ce1e"},"description":"Am 24.02.2026 wurden die F\u00f6rderbescheide an 151 Verkehrsunternehmen \u00fcbergeben. EMCEL gratuliert allen F\u00f6rderempf\u00e4ngern.","breadcrumb":{"@id":"https:\/\/emcel.com\/de\/emcel-gratuliert-allen-151-foerderempfaengern-des-letzten-foerderaufrufs\/#breadcrumb"},"inLanguage":"de","potentialAction":[{"@type":"ReadAction","target":["https:\/\/emcel.com\/de\/emcel-gratuliert-allen-151-foerderempfaengern-des-letzten-foerderaufrufs\/"]}]},{"@type":"ImageObject","inLanguage":"de","@id":"https:\/\/emcel.com\/de\/emcel-gratuliert-allen-151-foerderempfaengern-des-letzten-foerderaufrufs\/#primaryimage","url":"https:\/\/emcel.com\/de\/wp-content\/uploads\/2026\/03\/Image.jpeg","contentUrl":"https:\/\/emcel.com\/de\/wp-content\/uploads\/2026\/03\/Image.jpeg","width":1920,"height":1440,"caption":"EMCEL F\u00f6rderbescheid"},{"@type":"BreadcrumbList","@id":"https:\/\/emcel.com\/de\/emcel-gratuliert-allen-151-foerderempfaengern-des-letzten-foerderaufrufs\/#breadcrumb","itemListElement":[{"@type":"ListItem","position":1,"name":"Home","item":"https:\/\/emcel.com\/de\/"},{"@type":"ListItem","position":2,"name":"EMCEL gratuliert allen 151 F\u00f6rderempf\u00e4ngern des letzten F\u00f6rderaufrufs!"}]},{"@type":"WebSite","@id":"https:\/\/emcel.com\/de\/#website","url":"https:\/\/emcel.com\/de\/","name":"EMCEL","description":"Ingenieurb\u00fcro f\u00fcr Brennstoffzelle, Wasserstofftechnologie und Elektromobilit\u00e4t","potentialAction":[{"@type":"SearchAction","target":{"@type":"EntryPoint","urlTemplate":"https:\/\/emcel.com\/de\/?s={search_term_string}"},"query-input":{"@type":"PropertyValueSpecification","valueRequired":true,"valueName":"search_term_string"}}],"inLanguage":"de"},{"@type":"Person","@id":"https:\/\/emcel.com\/de\/#\/schema\/person\/bb182e3192325ceb724f4aaba1e5ce1e","name":"Fabian Haasenleder","image":{"@type":"ImageObject","inLanguage":"de","@id":"https:\/\/secure.gravatar.com\/avatar\/f49d12a700f094b03ef4bc35910eeecae46dc201e51af1187cca2221843b6244?s=96&d=mm&r=g","url":"https:\/\/secure.gravatar.com\/avatar\/f49d12a700f094b03ef4bc35910eeecae46dc201e51af1187cca2221843b6244?s=96&d=mm&r=g","contentUrl":"https:\/\/secure.gravatar.com\/avatar\/f49d12a700f094b03ef4bc35910eeecae46dc201e51af1187cca2221843b6244?s=96&d=mm&r=g","caption":"Fabian Haasenleder"},"url":"https:\/\/emcel.com\/de\/author\/fabian-haasenlederemcel-com\/"}]}},"_links":{"self":[{"href":"https:\/\/emcel.com\/de\/wp-json\/wp\/v2\/posts\/8548","targetHints":{"allow":["GET"]}}],"collection":[{"href":"https:\/\/emcel.com\/de\/wp-json\/wp\/v2\/posts"}],"about":[{"href":"https:\/\/emcel.com\/de\/wp-json\/wp\/v2\/types\/post"}],"author":[{"embeddable":true,"href":"https:\/\/emcel.com\/de\/wp-json\/wp\/v2\/users\/17"}],"replies":[{"embeddable":true,"href":"https:\/\/emcel.com\/de\/wp-json\/wp\/v2\/comments?post=8548"}],"version-history":[{"count":2,"href":"https:\/\/emcel.com\/de\/wp-json\/wp\/v2\/posts\/8548\/revisions"}],"predecessor-version":[{"id":8550,"href":"https:\/\/emcel.com\/de\/wp-json\/wp\/v2\/posts\/8548\/revisions\/8550"}],"wp:featuredmedia":[{"embeddable":true,"href":"https:\/\/emcel.com\/de\/wp-json\/wp\/v2\/media\/8547"}],"wp:attachment":[{"href":"https:\/\/emcel.com\/de\/wp-json\/wp\/v2\/media?parent=8548"}],"wp:term":[{"taxonomy":"category","embeddable":true,"href":"https:\/\/emcel.com\/de\/wp-json\/wp\/v2\/categories?post=8548"},{"taxonomy":"post_tag","embeddable":true,"href":"https:\/\/emcel.com\/de\/wp-json\/wp\/v2\/tags?post=8548"},{"taxonomy":"series","embeddable":true,"href":"https:\/\/emcel.com\/de\/wp-json\/wp\/v2\/series?post=8548"}],"curies":[{"name":"wp","href":"https:\/\/api.w.org\/{rel}","templated":true}]}}