{"id":8291,"date":"2025-10-17T10:47:53","date_gmt":"2025-10-17T08:47:53","guid":{"rendered":"https:\/\/emcel.com\/de\/?p=8291"},"modified":"2025-10-17T11:22:40","modified_gmt":"2025-10-17T09:22:40","slug":"bmwe-verfahren-co2-differenzvertrage","status":"publish","type":"post","link":"https:\/\/emcel.com\/de\/bmwe-verfahren-co2-differenzvertrage\/","title":{"rendered":"BMWE startet Vorbereitendes Verfahren f\u00fcr CO2-Differenzvertr\u00e4ge"},"content":{"rendered":"<p>Das Bundesministerium f\u00fcr Wirtschaft und Energie startet die zweite Runde der CO<sub>2<\/sub>-Differenzvertr\u00e4ge (Klimaschutzvertr\u00e4ge). Ziel dieser Vertr\u00e4ge ist es Unternehmen eine risikoarme Investition in klimaneutrale Produktionsm\u00f6glichkeiten zu erm\u00f6glichen.<\/p>\n<p><!--more--><\/p>\n<p>\u00dcber die F\u00f6rderungsdauer von 15 Jahren werden Kostenunterschiede zu herk\u00f6mmlichen Produktionsmethoden und schwankende Energie- und CO<sub>2<\/sub>-Preise ausgeglichen. Dadurch wird das Ziel verfolgt neue Technologien (z.B. industrielle W\u00e4rmepumpen, Wasserstoffanwendungen, CCS-Anlagen, Speichertechnologien) im Markt zu etablieren.<\/p>\n<p>Am 6. Oktober startete das Vorverfahren, in dem Unternehmen zu den F\u00f6rderregeln konsultiert werden. Um im kommenden Jahr Gebote abgeben zu k\u00f6nnen, ist die Teilnahme am Vorverfahren bis zum 1.12.2025 verpflichtend. &nbsp;<\/p>\n<p>F\u00fcr Unternehmen, die bereits am Verfahren teilgenommen habe, ist besonders interessant, dass diese durch eine einfache Best\u00e4tigungserkl\u00e4rung&nbsp;erneut, eine Chance auf F\u00f6rderung haben und das nun auch CCS- und CCU-Technologien f\u00f6rderungsf\u00e4hig sind.&nbsp;<\/p>\n<p>Das Verfahren ist Technologieoffen gestaltet. Vorgaben werden vor allem zu den Meilensteinen der CO<sub>2<\/sub>-Einsparung gemacht (60 % ab dem dritten, 90 % im letzten Jahr der Laufzeit).<\/p>\n<p>Auf der Website des BMWE k\u00f6nne alle <a href=\"https:\/\/www.klimaschutzvertraege.info\/news\/vorbereitendes-verfahren-co2-differenzvertraege-startet\" target=\"_blank\" rel=\"noreferrer noopener nofollow\">Informationen<\/a> und alle ben\u00f6tigten <a href=\"https:\/\/www.klimaschutzvertraege.info\/thema\/dokumente\/vorverfahren-2026\" target=\"_blank\" rel=\"noreferrer noopener nofollow\">Dokumente<\/a> zur Teilnahme am Vorverfahren eingesehen werden. Hier lassen sich ebenfalls ein <a href=\"https:\/\/www.klimaschutzvertraege.info\/thema\/fragen_antworten_gebotsverfahren\" target=\"_blank\" rel=\"noreferrer noopener\">FAQ<\/a> und ein <a href=\"https:\/\/www.klimaschutzvertraege.info\/lw_resource\/datapool\/systemfiles\/agent\/ewbpublications\/06d55ccb-a299-11f0-bab0-fa163e7d9971\/live\/document\/251006_VV2026_Handbuch_v3.0.pdf\" target=\"_blank\" rel=\"noreferrer noopener nofollow\">Handbuch zum F\u00f6rderprogramm Klimaschutzvertr\u00e4ge<\/a> finden. <\/p>\n<p>Lassen Sie sich von uns unterst\u00fctzen! Wir erstellen gerne Ihre Konzepte f\u00fcr CO<sub>2<\/sub>-arme Produktionsm\u00f6glichkeiten, besonders mit Bezug zu Wasserstoff. Au\u00dferdem helfen wir bei F\u00f6rderantr\u00e4gen und begleiten Sie bei dem gesamten weiteren Prozess. <\/p>\n<p>Schauen Sie gerne in unsere Leistungs\u00fcbersicht (<a href=\"https:\/\/emcel.com\/de\/leistungen\/sektorenkopplung-wasserstoff-infrastruktur\/\" target=\"_blank\" rel=\"noreferrer noopener\">Wasserstoff-Infrastruktur &#8211; EMCEL<\/a>) und sprechen Sie uns an:<\/p>\n<p>Lena Maier (Sektorenkopplung und H2-Infrastruktur)<br \/><a href=\"mailto:lena.maier@emcel.com\" target=\"_blank\" rel=\"noreferrer noopener\"><a href=\"mailto:lena.maier@emcel.com\" target=\"_blank\" rel=\"noreferrer noopener\">lena.maier@emcel.com<\/a><\/a><br \/>Tel: +49 (0)221\/292695-222<\/p><\/p>\n","protected":false},"excerpt":{"rendered":"Das Bundesministerium f\u00fcr Wirtschaft und Energie startet die zweite Runde der CO2-Differenzvertr\u00e4ge (Klimaschutzvertr\u00e4ge). Ziel dieser Vertr\u00e4ge ist es Unternehmen eine risikoarme Investition in klimaneutrale Produktionsm\u00f6glichkeiten zu erm\u00f6glichen.","protected":false},"author":9,"featured_media":8292,"comment_status":"closed","ping_status":"closed","sticky":false,"template":"","format":"standard","meta":{"_acf_changed":false,"_genesis_hide_title":false,"_genesis_hide_breadcrumbs":false,"_genesis_hide_singular_image":false,"_genesis_hide_footer_widgets":false,"_genesis_custom_body_class":"","_genesis_custom_post_class":"","_genesis_layout":"","episode_type":"audio","audio_file":"","podmotor_file_id":"","podmotor_episode_id":"","cover_image":"","cover_image_id":"","duration":"","filesize":"","filesize_raw":"","date_recorded":"","explicit":"","block":"","itunes_episode_number":"","itunes_title":"","itunes_season_number":"","itunes_episode_type":"","footnotes":""},"categories":[5],"tags":[],"series":[],"class_list":{"0":"post-8291","1":"post","2":"type-post","3":"status-publish","4":"format-standard","5":"has-post-thumbnail","7":"category-aktuelles","8":"entry"},"acf":[],"episode_featured_image":"https:\/\/emcel.com\/de\/wp-content\/uploads\/2025\/10\/H2-Anlage-1-\u201e\u00a9-Juan-stock.adobe_.com-min.jpeg","episode_player_image":"https:\/\/emcel.com\/de\/wp-content\/uploads\/2026\/04\/Logo.jpg","download_link":"","player_link":"","audio_player":false,"episode_data":{"playerMode":"light","subscribeUrls":{"amazon":{"key":"amazon","url":"","label":"Amazon","class":"amazon","icon":"amazon.png"},"audible":{"key":"audible","url":"","label":"Audible","class":"audible","icon":"audible.png"},"apple_podcasts":{"key":"apple_podcasts","url":"","label":"Apple Podcasts","class":"apple_podcasts","icon":"apple-podcasts.png"},"deezer":{"key":"deezer","url":"","label":"Deezer","class":"deezer","icon":"deezer.png"},"spotify":{"key":"spotify","url":"","label":"Spotify","class":"spotify","icon":"spotify.png"},"youtube":{"key":"youtube","url":"","label":"YouTube","class":"youtube","icon":"youtube.png"}},"rssFeedUrl":"https:\/\/emcel.com\/de\/feed\/podcast\/waermewende-gemeinsam-heute","embedCode":"<blockquote class=\"wp-embedded-content\" data-secret=\"DbrzUoqgiL\"><a href=\"https:\/\/emcel.com\/de\/bmwe-verfahren-co2-differenzvertrage\/\">BMWE startet Vorbereitendes Verfahren f\u00fcr CO2-Differenzvertr\u00e4ge<\/a><\/blockquote><iframe sandbox=\"allow-scripts\" security=\"restricted\" src=\"https:\/\/emcel.com\/de\/bmwe-verfahren-co2-differenzvertrage\/embed\/#?secret=DbrzUoqgiL\" width=\"500\" height=\"350\" title=\"&#8222;BMWE startet Vorbereitendes Verfahren f\u00fcr CO2-Differenzvertr\u00e4ge&#8220; &#8211; EMCEL\" data-secret=\"DbrzUoqgiL\" frameborder=\"0\" marginwidth=\"0\" marginheight=\"0\" scrolling=\"no\" class=\"wp-embedded-content\"><\/iframe><script type=\"text\/javascript\">\n\/* <![CDATA[ *\/\n\/*! This file is auto-generated *\/\n!function(d,l){\"use strict\";l.querySelector&&d.addEventListener&&\"undefined\"!=typeof URL&&(d.wp=d.wp||{},d.wp.receiveEmbedMessage||(d.wp.receiveEmbedMessage=function(e){var t=e.data;if((t||t.secret||t.message||t.value)&&!\/[^a-zA-Z0-9]\/.test(t.secret)){for(var s,r,n,a=l.querySelectorAll('iframe[data-secret=\"'+t.secret+'\"]'),o=l.querySelectorAll('blockquote[data-secret=\"'+t.secret+'\"]'),c=new RegExp(\"^https?:$\",\"i\"),i=0;i<o.length;i++)o[i].style.display=\"none\";for(i=0;i<a.length;i++)s=a[i],e.source===s.contentWindow&&(s.removeAttribute(\"style\"),\"height\"===t.message?(1e3<(r=parseInt(t.value,10))?r=1e3:~~r<200&&(r=200),s.height=r):\"link\"===t.message&&(r=new URL(s.getAttribute(\"src\")),n=new URL(t.value),c.test(n.protocol))&&n.host===r.host&&l.activeElement===s&&(d.top.location.href=t.value))}},d.addEventListener(\"message\",d.wp.receiveEmbedMessage,!1),l.addEventListener(\"DOMContentLoaded\",function(){for(var e,t,s=l.querySelectorAll(\"iframe.wp-embedded-content\"),r=0;r<s.length;r++)(t=(e=s[r]).getAttribute(\"data-secret\"))||(t=Math.random().toString(36).substring(2,12),e.src+=\"#?secret=\"+t,e.setAttribute(\"data-secret\",t)),e.contentWindow.postMessage({message:\"ready\",secret:t},\"*\")},!1)))}(window,document);\n\/\/# sourceURL=https:\/\/emcel.com\/de\/wp-includes\/js\/wp-embed.min.js\n\/* ]]> *\/\n<\/script>\n"},"yoast_head":"<!-- This site is optimized with the Yoast SEO plugin v27.3 - https:\/\/yoast.com\/product\/yoast-seo-wordpress\/ -->\n<title>BMWE Verfahren f\u00fcr CO2-Differenzvertr\u00e4ge<\/title>\n<meta name=\"description\" content=\"BMWE startet die zweite Runde der CO2-Differenzvertr\u00e4ge (Klimaschutzvertr\u00e4ge).\" \/>\n<meta name=\"robots\" content=\"index, follow, max-snippet:-1, max-image-preview:large, max-video-preview:-1\" \/>\n<link rel=\"canonical\" href=\"https:\/\/emcel.com\/de\/bmwe-verfahren-co2-differenzvertrage\/\" \/>\n<meta property=\"og:locale\" content=\"de_DE\" \/>\n<meta property=\"og:type\" content=\"article\" \/>\n<meta property=\"og:title\" content=\"BMWE Verfahren f\u00fcr CO2-Differenzvertr\u00e4ge\" \/>\n<meta property=\"og:description\" content=\"BMWE startet die zweite Runde der CO2-Differenzvertr\u00e4ge (Klimaschutzvertr\u00e4ge).\" \/>\n<meta property=\"og:url\" content=\"https:\/\/emcel.com\/de\/bmwe-verfahren-co2-differenzvertrage\/\" \/>\n<meta property=\"og:site_name\" content=\"EMCEL\" \/>\n<meta property=\"article:published_time\" content=\"2025-10-17T08:47:53+00:00\" \/>\n<meta property=\"article:modified_time\" content=\"2025-10-17T09:22:40+00:00\" \/>\n<meta property=\"og:image\" content=\"https:\/\/emcel.com\/de\/wp-content\/uploads\/2025\/10\/H2-Anlage-1-\u201e\u00a9-Juan-stock.adobe_.com-min.jpeg\" \/>\n\t<meta property=\"og:image:width\" content=\"1920\" \/>\n\t<meta property=\"og:image:height\" content=\"1280\" \/>\n\t<meta property=\"og:image:type\" content=\"image\/jpeg\" \/>\n<meta name=\"author\" content=\"mauricio barriga\" \/>\n<meta name=\"twitter:card\" content=\"summary_large_image\" \/>\n<meta name=\"twitter:label1\" content=\"Verfasst von\" \/>\n\t<meta name=\"twitter:data1\" content=\"mauricio barriga\" \/>\n\t<meta name=\"twitter:label2\" content=\"Gesch\u00e4tzte Lesezeit\" \/>\n\t<meta name=\"twitter:data2\" content=\"2\u00a0Minuten\" \/>\n<script type=\"application\/ld+json\" class=\"yoast-schema-graph\">{\"@context\":\"https:\\\/\\\/schema.org\",\"@graph\":[{\"@type\":\"Article\",\"@id\":\"https:\\\/\\\/emcel.com\\\/de\\\/bmwe-verfahren-co2-differenzvertrage\\\/#article\",\"isPartOf\":{\"@id\":\"https:\\\/\\\/emcel.com\\\/de\\\/bmwe-verfahren-co2-differenzvertrage\\\/\"},\"author\":{\"name\":\"mauricio barriga\",\"@id\":\"https:\\\/\\\/emcel.com\\\/de\\\/#\\\/schema\\\/person\\\/20d96abe000ad2d9526d7a87ccb83b5f\"},\"headline\":\"BMWE startet Vorbereitendes Verfahren f\u00fcr CO2-Differenzvertr\u00e4ge\",\"datePublished\":\"2025-10-17T08:47:53+00:00\",\"dateModified\":\"2025-10-17T09:22:40+00:00\",\"mainEntityOfPage\":{\"@id\":\"https:\\\/\\\/emcel.com\\\/de\\\/bmwe-verfahren-co2-differenzvertrage\\\/\"},\"wordCount\":278,\"image\":{\"@id\":\"https:\\\/\\\/emcel.com\\\/de\\\/bmwe-verfahren-co2-differenzvertrage\\\/#primaryimage\"},\"thumbnailUrl\":\"https:\\\/\\\/emcel.com\\\/de\\\/wp-content\\\/uploads\\\/2025\\\/10\\\/H2-Anlage-1-\u201e\u00a9-Juan-stock.adobe_.com-min.jpeg\",\"articleSection\":[\"Aktuelles\"],\"inLanguage\":\"de\"},{\"@type\":\"WebPage\",\"@id\":\"https:\\\/\\\/emcel.com\\\/de\\\/bmwe-verfahren-co2-differenzvertrage\\\/\",\"url\":\"https:\\\/\\\/emcel.com\\\/de\\\/bmwe-verfahren-co2-differenzvertrage\\\/\",\"name\":\"BMWE Verfahren f\u00fcr CO2-Differenzvertr\u00e4ge\",\"isPartOf\":{\"@id\":\"https:\\\/\\\/emcel.com\\\/de\\\/#website\"},\"primaryImageOfPage\":{\"@id\":\"https:\\\/\\\/emcel.com\\\/de\\\/bmwe-verfahren-co2-differenzvertrage\\\/#primaryimage\"},\"image\":{\"@id\":\"https:\\\/\\\/emcel.com\\\/de\\\/bmwe-verfahren-co2-differenzvertrage\\\/#primaryimage\"},\"thumbnailUrl\":\"https:\\\/\\\/emcel.com\\\/de\\\/wp-content\\\/uploads\\\/2025\\\/10\\\/H2-Anlage-1-\u201e\u00a9-Juan-stock.adobe_.com-min.jpeg\",\"datePublished\":\"2025-10-17T08:47:53+00:00\",\"dateModified\":\"2025-10-17T09:22:40+00:00\",\"author\":{\"@id\":\"https:\\\/\\\/emcel.com\\\/de\\\/#\\\/schema\\\/person\\\/20d96abe000ad2d9526d7a87ccb83b5f\"},\"description\":\"BMWE startet die zweite Runde der CO2-Differenzvertr\u00e4ge (Klimaschutzvertr\u00e4ge).\",\"breadcrumb\":{\"@id\":\"https:\\\/\\\/emcel.com\\\/de\\\/bmwe-verfahren-co2-differenzvertrage\\\/#breadcrumb\"},\"inLanguage\":\"de\",\"potentialAction\":[{\"@type\":\"ReadAction\",\"target\":[\"https:\\\/\\\/emcel.com\\\/de\\\/bmwe-verfahren-co2-differenzvertrage\\\/\"]}]},{\"@type\":\"ImageObject\",\"inLanguage\":\"de\",\"@id\":\"https:\\\/\\\/emcel.com\\\/de\\\/bmwe-verfahren-co2-differenzvertrage\\\/#primaryimage\",\"url\":\"https:\\\/\\\/emcel.com\\\/de\\\/wp-content\\\/uploads\\\/2025\\\/10\\\/H2-Anlage-1-\u201e\u00a9-Juan-stock.adobe_.com-min.jpeg\",\"contentUrl\":\"https:\\\/\\\/emcel.com\\\/de\\\/wp-content\\\/uploads\\\/2025\\\/10\\\/H2-Anlage-1-\u201e\u00a9-Juan-stock.adobe_.com-min.jpeg\",\"width\":1920,\"height\":1280,\"caption\":\"H2 Anlage 1 \u201e\u00a9 Juan - stock.adobe.com\u201c-min\"},{\"@type\":\"BreadcrumbList\",\"@id\":\"https:\\\/\\\/emcel.com\\\/de\\\/bmwe-verfahren-co2-differenzvertrage\\\/#breadcrumb\",\"itemListElement\":[{\"@type\":\"ListItem\",\"position\":1,\"name\":\"Home\",\"item\":\"https:\\\/\\\/emcel.com\\\/de\\\/\"},{\"@type\":\"ListItem\",\"position\":2,\"name\":\"BMWE startet Vorbereitendes Verfahren f\u00fcr CO2-Differenzvertr\u00e4ge\"}]},{\"@type\":\"WebSite\",\"@id\":\"https:\\\/\\\/emcel.com\\\/de\\\/#website\",\"url\":\"https:\\\/\\\/emcel.com\\\/de\\\/\",\"name\":\"EMCEL\",\"description\":\"Ingenieurb\u00fcro f\u00fcr Brennstoffzelle, Wasserstofftechnologie und Elektromobilit\u00e4t\",\"potentialAction\":[{\"@type\":\"SearchAction\",\"target\":{\"@type\":\"EntryPoint\",\"urlTemplate\":\"https:\\\/\\\/emcel.com\\\/de\\\/?s={search_term_string}\"},\"query-input\":{\"@type\":\"PropertyValueSpecification\",\"valueRequired\":true,\"valueName\":\"search_term_string\"}}],\"inLanguage\":\"de\"},{\"@type\":\"Person\",\"@id\":\"https:\\\/\\\/emcel.com\\\/de\\\/#\\\/schema\\\/person\\\/20d96abe000ad2d9526d7a87ccb83b5f\",\"name\":\"mauricio barriga\",\"image\":{\"@type\":\"ImageObject\",\"inLanguage\":\"de\",\"@id\":\"https:\\\/\\\/secure.gravatar.com\\\/avatar\\\/a220a82446e6e1f6f0b640546e28de6af6a2d87a61bfd5501e674e4fe94c1422?s=96&d=mm&r=g\",\"url\":\"https:\\\/\\\/secure.gravatar.com\\\/avatar\\\/a220a82446e6e1f6f0b640546e28de6af6a2d87a61bfd5501e674e4fe94c1422?s=96&d=mm&r=g\",\"contentUrl\":\"https:\\\/\\\/secure.gravatar.com\\\/avatar\\\/a220a82446e6e1f6f0b640546e28de6af6a2d87a61bfd5501e674e4fe94c1422?s=96&d=mm&r=g\",\"caption\":\"mauricio barriga\"},\"url\":\"https:\\\/\\\/emcel.com\\\/de\\\/author\\\/mbarriga\\\/\"}]}<\/script>\n<!-- \/ Yoast SEO plugin. -->","yoast_head_json":{"title":"BMWE Verfahren f\u00fcr CO2-Differenzvertr\u00e4ge","description":"BMWE startet die zweite Runde der CO2-Differenzvertr\u00e4ge (Klimaschutzvertr\u00e4ge).","robots":{"index":"index","follow":"follow","max-snippet":"max-snippet:-1","max-image-preview":"max-image-preview:large","max-video-preview":"max-video-preview:-1"},"canonical":"https:\/\/emcel.com\/de\/bmwe-verfahren-co2-differenzvertrage\/","og_locale":"de_DE","og_type":"article","og_title":"BMWE Verfahren f\u00fcr CO2-Differenzvertr\u00e4ge","og_description":"BMWE startet die zweite Runde der CO2-Differenzvertr\u00e4ge (Klimaschutzvertr\u00e4ge).","og_url":"https:\/\/emcel.com\/de\/bmwe-verfahren-co2-differenzvertrage\/","og_site_name":"EMCEL","article_published_time":"2025-10-17T08:47:53+00:00","article_modified_time":"2025-10-17T09:22:40+00:00","og_image":[{"width":1920,"height":1280,"url":"https:\/\/emcel.com\/de\/wp-content\/uploads\/2025\/10\/H2-Anlage-1-\u201e\u00a9-Juan-stock.adobe_.com-min.jpeg","type":"image\/jpeg"}],"author":"mauricio barriga","twitter_card":"summary_large_image","twitter_misc":{"Verfasst von":"mauricio barriga","Gesch\u00e4tzte Lesezeit":"2\u00a0Minuten"},"schema":{"@context":"https:\/\/schema.org","@graph":[{"@type":"Article","@id":"https:\/\/emcel.com\/de\/bmwe-verfahren-co2-differenzvertrage\/#article","isPartOf":{"@id":"https:\/\/emcel.com\/de\/bmwe-verfahren-co2-differenzvertrage\/"},"author":{"name":"mauricio barriga","@id":"https:\/\/emcel.com\/de\/#\/schema\/person\/20d96abe000ad2d9526d7a87ccb83b5f"},"headline":"BMWE startet Vorbereitendes Verfahren f\u00fcr CO2-Differenzvertr\u00e4ge","datePublished":"2025-10-17T08:47:53+00:00","dateModified":"2025-10-17T09:22:40+00:00","mainEntityOfPage":{"@id":"https:\/\/emcel.com\/de\/bmwe-verfahren-co2-differenzvertrage\/"},"wordCount":278,"image":{"@id":"https:\/\/emcel.com\/de\/bmwe-verfahren-co2-differenzvertrage\/#primaryimage"},"thumbnailUrl":"https:\/\/emcel.com\/de\/wp-content\/uploads\/2025\/10\/H2-Anlage-1-\u201e\u00a9-Juan-stock.adobe_.com-min.jpeg","articleSection":["Aktuelles"],"inLanguage":"de"},{"@type":"WebPage","@id":"https:\/\/emcel.com\/de\/bmwe-verfahren-co2-differenzvertrage\/","url":"https:\/\/emcel.com\/de\/bmwe-verfahren-co2-differenzvertrage\/","name":"BMWE Verfahren f\u00fcr CO2-Differenzvertr\u00e4ge","isPartOf":{"@id":"https:\/\/emcel.com\/de\/#website"},"primaryImageOfPage":{"@id":"https:\/\/emcel.com\/de\/bmwe-verfahren-co2-differenzvertrage\/#primaryimage"},"image":{"@id":"https:\/\/emcel.com\/de\/bmwe-verfahren-co2-differenzvertrage\/#primaryimage"},"thumbnailUrl":"https:\/\/emcel.com\/de\/wp-content\/uploads\/2025\/10\/H2-Anlage-1-\u201e\u00a9-Juan-stock.adobe_.com-min.jpeg","datePublished":"2025-10-17T08:47:53+00:00","dateModified":"2025-10-17T09:22:40+00:00","author":{"@id":"https:\/\/emcel.com\/de\/#\/schema\/person\/20d96abe000ad2d9526d7a87ccb83b5f"},"description":"BMWE startet die zweite Runde der CO2-Differenzvertr\u00e4ge (Klimaschutzvertr\u00e4ge).","breadcrumb":{"@id":"https:\/\/emcel.com\/de\/bmwe-verfahren-co2-differenzvertrage\/#breadcrumb"},"inLanguage":"de","potentialAction":[{"@type":"ReadAction","target":["https:\/\/emcel.com\/de\/bmwe-verfahren-co2-differenzvertrage\/"]}]},{"@type":"ImageObject","inLanguage":"de","@id":"https:\/\/emcel.com\/de\/bmwe-verfahren-co2-differenzvertrage\/#primaryimage","url":"https:\/\/emcel.com\/de\/wp-content\/uploads\/2025\/10\/H2-Anlage-1-\u201e\u00a9-Juan-stock.adobe_.com-min.jpeg","contentUrl":"https:\/\/emcel.com\/de\/wp-content\/uploads\/2025\/10\/H2-Anlage-1-\u201e\u00a9-Juan-stock.adobe_.com-min.jpeg","width":1920,"height":1280,"caption":"H2 Anlage 1 \u201e\u00a9 Juan - stock.adobe.com\u201c-min"},{"@type":"BreadcrumbList","@id":"https:\/\/emcel.com\/de\/bmwe-verfahren-co2-differenzvertrage\/#breadcrumb","itemListElement":[{"@type":"ListItem","position":1,"name":"Home","item":"https:\/\/emcel.com\/de\/"},{"@type":"ListItem","position":2,"name":"BMWE startet Vorbereitendes Verfahren f\u00fcr CO2-Differenzvertr\u00e4ge"}]},{"@type":"WebSite","@id":"https:\/\/emcel.com\/de\/#website","url":"https:\/\/emcel.com\/de\/","name":"EMCEL","description":"Ingenieurb\u00fcro f\u00fcr Brennstoffzelle, Wasserstofftechnologie und Elektromobilit\u00e4t","potentialAction":[{"@type":"SearchAction","target":{"@type":"EntryPoint","urlTemplate":"https:\/\/emcel.com\/de\/?s={search_term_string}"},"query-input":{"@type":"PropertyValueSpecification","valueRequired":true,"valueName":"search_term_string"}}],"inLanguage":"de"},{"@type":"Person","@id":"https:\/\/emcel.com\/de\/#\/schema\/person\/20d96abe000ad2d9526d7a87ccb83b5f","name":"mauricio barriga","image":{"@type":"ImageObject","inLanguage":"de","@id":"https:\/\/secure.gravatar.com\/avatar\/a220a82446e6e1f6f0b640546e28de6af6a2d87a61bfd5501e674e4fe94c1422?s=96&d=mm&r=g","url":"https:\/\/secure.gravatar.com\/avatar\/a220a82446e6e1f6f0b640546e28de6af6a2d87a61bfd5501e674e4fe94c1422?s=96&d=mm&r=g","contentUrl":"https:\/\/secure.gravatar.com\/avatar\/a220a82446e6e1f6f0b640546e28de6af6a2d87a61bfd5501e674e4fe94c1422?s=96&d=mm&r=g","caption":"mauricio barriga"},"url":"https:\/\/emcel.com\/de\/author\/mbarriga\/"}]}},"_links":{"self":[{"href":"https:\/\/emcel.com\/de\/wp-json\/wp\/v2\/posts\/8291","targetHints":{"allow":["GET"]}}],"collection":[{"href":"https:\/\/emcel.com\/de\/wp-json\/wp\/v2\/posts"}],"about":[{"href":"https:\/\/emcel.com\/de\/wp-json\/wp\/v2\/types\/post"}],"author":[{"embeddable":true,"href":"https:\/\/emcel.com\/de\/wp-json\/wp\/v2\/users\/9"}],"replies":[{"embeddable":true,"href":"https:\/\/emcel.com\/de\/wp-json\/wp\/v2\/comments?post=8291"}],"version-history":[{"count":3,"href":"https:\/\/emcel.com\/de\/wp-json\/wp\/v2\/posts\/8291\/revisions"}],"predecessor-version":[{"id":8295,"href":"https:\/\/emcel.com\/de\/wp-json\/wp\/v2\/posts\/8291\/revisions\/8295"}],"wp:featuredmedia":[{"embeddable":true,"href":"https:\/\/emcel.com\/de\/wp-json\/wp\/v2\/media\/8292"}],"wp:attachment":[{"href":"https:\/\/emcel.com\/de\/wp-json\/wp\/v2\/media?parent=8291"}],"wp:term":[{"taxonomy":"category","embeddable":true,"href":"https:\/\/emcel.com\/de\/wp-json\/wp\/v2\/categories?post=8291"},{"taxonomy":"post_tag","embeddable":true,"href":"https:\/\/emcel.com\/de\/wp-json\/wp\/v2\/tags?post=8291"},{"taxonomy":"series","embeddable":true,"href":"https:\/\/emcel.com\/de\/wp-json\/wp\/v2\/series?post=8291"}],"curies":[{"name":"wp","href":"https:\/\/api.w.org\/{rel}","templated":true}]}}