{"id":6170,"date":"2023-12-06T11:08:56","date_gmt":"2023-12-06T10:08:56","guid":{"rendered":"https:\/\/emcel.com\/de\/?p=6170"},"modified":"2024-05-03T14:37:02","modified_gmt":"2024-05-03T12:37:02","slug":"elektrolysefoerderung-wasserstoffbank","status":"publish","type":"post","link":"https:\/\/emcel.com\/de\/elektrolysefoerderung-wasserstoffbank\/","title":{"rendered":"Elektrolysef\u00f6rderung: Erste Auktion der Europ\u00e4ischen Wasserstoffbank"},"content":{"rendered":"<p>Am 23. November 2023 ist die Pilotauktion der Europ\u00e4ischen Wasserstoffbank mit F\u00f6rdermitteln in H\u00f6he von 800 Mio. EUR gestartet. Hersteller von erneuerbarem Wasserstoff k\u00f6nnen sich bis zum 8. Februar 2024 um F\u00f6rderung bewerben.<\/p>\n<p><!--more--><\/p>\n<p>Die Europ\u00e4ische Kommission hat die Wasserstoffbank (European Hydrogen Bank, EHB) ins Leben gerufen mit dem Ziel, Investitionen in die Erzeugung von erneuerbarem Wasserstoff zu f\u00f6rdern und damit dessen Markthochlauf auf europ\u00e4ischer Ebene zu unterst\u00fctzen. <\/p>\n<p>Bei der nun angelaufenen <a href=\"https:\/\/germany.representation.ec.europa.eu\/news\/erste-auktion-der-europaischen-wasserstoffbank-800-mio-euro-fur-produktion-von-erneuerbarem-2023-11-23_de\" target=\"_blank\" rel=\"noreferrer noopener\">Auktion f\u00fcr die Produktion von erneuerbarem Wasserstoff<\/a> k\u00f6nnen sich Hersteller von erneuerbarem Wasserstoff bis zum <strong>8. Februar 2024<\/strong> um eine F\u00f6rderung in Form einer festen Pr\u00e4mie pro Kilogramm produzierten Wasserstoffs bewerben. Gef\u00f6rdert werden \u00fcber einen Zeitraum von bis zu 10 Jahren Investitions- und Betriebskosten von Elektrolyse-Projekten ab einer <strong>Elektrolysekapazit\u00e4t von 5 MW<sub>el<\/sub><\/strong>. <\/p>\n<p>Die Bewerber geben dazu Gebote f\u00fcr die F\u00f6rderung einer bestimmten Menge ab, basierend auf einem vorgeschlagenen Preisaufschlag von bis zu 4,50 EUR pro Kilogramm produzierten erneuerbaren  Wasserstoffs. Nach der Einreichfrist werden die Angebote vom niedrigsten bis zum h\u00f6chsten Gebotspreis eingestuft und die F\u00f6rdergelder in dieser Reihenfolge bis zur Aussch\u00f6pfung des Auktionsbudget ausgesch\u00fcttet. <\/p>\n<p>Die Bewerbung f\u00fcr die Auktion erfolgt \u00fcber das <a href=\"https:\/\/ec.europa.eu\/info\/funding-tenders\/opportunities\/portal\/screen\/opportunities\/topic-details\/innovfund-2023-auc-rfnbo-hydrogen?tenders=false&amp;programmePart=&amp;callIdentifier=InnovFund-2023-AUC-RFNBO-Hydrogen\" target=\"_blank\" rel=\"noreferrer noopener\">EU-Finanzierungs- und Ausschreibungsportal<\/a> unter der Bezeichnung &#8222;Innovation Fund 2023 Auction &#8211; RFNBO Hydrogen&#8220;.<\/p>\n<p>Melden Sie sich gern bei uns, wenn wir Sie beim Antragsprozess bzw. der Konzeption Ihres Elektrolyse-Projektes unterst\u00fctzen k\u00f6nnen. Gern beraten wir Sie auch zu unseren weiteren Leistungen rund um das Thema <a href=\"https:\/\/emcel.com\/de\/leistungen\/sektorenkopplung-wasserstoff-infrastruktur\/\">Wasserstoff-Infrastruktur<\/a>.<\/p>\n<p>Kontaktieren Sie uns:<\/p>\n<p>Jan V\u00f6lpel (Vertrieb)<br \/><a href=\"mailto:jv@emcel.com\">jv@emcel.com<\/a><br \/>Tel: +49 (0)221 29 26 95 \u2013 220<\/p>\n","protected":false},"excerpt":{"rendered":"Am 23. November 2023 ist die Pilotauktion der Europ\u00e4ischen Wasserstoffbank mit F\u00f6rdermitteln in H\u00f6he von 800 Mio. EUR gestartet. Hersteller von erneuerbarem Wasserstoff k\u00f6nnen sich bis zum 8. Februar 2024 um F\u00f6rderung bewerben.","protected":false},"author":2,"featured_media":6176,"comment_status":"closed","ping_status":"closed","sticky":false,"template":"","format":"standard","meta":{"_acf_changed":false,"_genesis_hide_title":false,"_genesis_hide_breadcrumbs":false,"_genesis_hide_singular_image":false,"_genesis_hide_footer_widgets":false,"_genesis_custom_body_class":"","_genesis_custom_post_class":"","_genesis_layout":"","episode_type":"","audio_file":"","podmotor_file_id":"","podmotor_episode_id":"","cover_image":"","cover_image_id":"","duration":"","filesize":"","filesize_raw":"","date_recorded":"","explicit":"","block":"","itunes_episode_number":"","itunes_title":"","itunes_season_number":"","itunes_episode_type":"","footnotes":""},"categories":[5],"tags":[140,233,11,30],"series":[],"class_list":{"0":"post-6170","1":"post","2":"type-post","3":"status-publish","4":"format-standard","5":"has-post-thumbnail","7":"category-aktuelles","8":"tag-elektrolyse","9":"tag-erneuerbarer-wasserstoff","10":"tag-foerderung","11":"tag-wasserstoff","12":"entry"},"acf":[],"episode_featured_image":"https:\/\/emcel.com\/de\/wp-content\/uploads\/2023\/12\/Elektrolyseur.png","episode_player_image":"https:\/\/emcel.com\/de\/wp-content\/uploads\/2026\/04\/Logo.jpg","download_link":"","player_link":"","audio_player":false,"episode_data":{"playerMode":"light","subscribeUrls":{"amazon":{"key":"amazon","url":"","label":"Amazon","class":"amazon","icon":"amazon.png"},"audible":{"key":"audible","url":"","label":"Audible","class":"audible","icon":"audible.png"},"apple_podcasts":{"key":"apple_podcasts","url":"","label":"Apple Podcasts","class":"apple_podcasts","icon":"apple-podcasts.png"},"deezer":{"key":"deezer","url":"","label":"Deezer","class":"deezer","icon":"deezer.png"},"spotify":{"key":"spotify","url":"","label":"Spotify","class":"spotify","icon":"spotify.png"},"youtube":{"key":"youtube","url":"","label":"YouTube","class":"youtube","icon":"youtube.png"}},"rssFeedUrl":"https:\/\/emcel.com\/de\/feed\/podcast\/waermewende-gemeinsam-heute","embedCode":"<blockquote class=\"wp-embedded-content\" data-secret=\"xt0yvLcx5t\"><a href=\"https:\/\/emcel.com\/de\/elektrolysefoerderung-wasserstoffbank\/\">Elektrolysef\u00f6rderung: Erste Auktion der Europ\u00e4ischen Wasserstoffbank<\/a><\/blockquote><iframe sandbox=\"allow-scripts\" security=\"restricted\" src=\"https:\/\/emcel.com\/de\/elektrolysefoerderung-wasserstoffbank\/embed\/#?secret=xt0yvLcx5t\" width=\"500\" height=\"350\" title=\"&#8222;Elektrolysef\u00f6rderung: Erste Auktion der Europ\u00e4ischen Wasserstoffbank&#8220; &#8211; EMCEL\" data-secret=\"xt0yvLcx5t\" frameborder=\"0\" marginwidth=\"0\" marginheight=\"0\" scrolling=\"no\" class=\"wp-embedded-content\"><\/iframe><script type=\"text\/javascript\">\n\/* <![CDATA[ *\/\n\/*! This file is auto-generated *\/\n!function(d,l){\"use strict\";l.querySelector&&d.addEventListener&&\"undefined\"!=typeof URL&&(d.wp=d.wp||{},d.wp.receiveEmbedMessage||(d.wp.receiveEmbedMessage=function(e){var t=e.data;if((t||t.secret||t.message||t.value)&&!\/[^a-zA-Z0-9]\/.test(t.secret)){for(var s,r,n,a=l.querySelectorAll('iframe[data-secret=\"'+t.secret+'\"]'),o=l.querySelectorAll('blockquote[data-secret=\"'+t.secret+'\"]'),c=new RegExp(\"^https?:$\",\"i\"),i=0;i<o.length;i++)o[i].style.display=\"none\";for(i=0;i<a.length;i++)s=a[i],e.source===s.contentWindow&&(s.removeAttribute(\"style\"),\"height\"===t.message?(1e3<(r=parseInt(t.value,10))?r=1e3:~~r<200&&(r=200),s.height=r):\"link\"===t.message&&(r=new URL(s.getAttribute(\"src\")),n=new URL(t.value),c.test(n.protocol))&&n.host===r.host&&l.activeElement===s&&(d.top.location.href=t.value))}},d.addEventListener(\"message\",d.wp.receiveEmbedMessage,!1),l.addEventListener(\"DOMContentLoaded\",function(){for(var e,t,s=l.querySelectorAll(\"iframe.wp-embedded-content\"),r=0;r<s.length;r++)(t=(e=s[r]).getAttribute(\"data-secret\"))||(t=Math.random().toString(36).substring(2,12),e.src+=\"#?secret=\"+t,e.setAttribute(\"data-secret\",t)),e.contentWindow.postMessage({message:\"ready\",secret:t},\"*\")},!1)))}(window,document);\n\/\/# sourceURL=https:\/\/emcel.com\/de\/wp-includes\/js\/wp-embed.min.js\n\/* ]]> *\/\n<\/script>\n"},"yoast_head":"<!-- This site is optimized with the Yoast SEO plugin v27.3 - https:\/\/yoast.com\/product\/yoast-seo-wordpress\/ -->\n<title>Elektrolysef\u00f6rderung: Erste Auktion der Europ\u00e4ischen Wasserstoffbank - EMCEL<\/title>\n<meta name=\"description\" content=\"Die erste Auktion der Europ\u00e4ischen Wasserstoffbank ist angelaufen. Bieter k\u00f6nnen sich bis zum 8. Februar 2024 bewerben.\" \/>\n<meta name=\"robots\" content=\"noindex, follow\" \/>\n<meta property=\"og:locale\" content=\"de_DE\" \/>\n<meta property=\"og:type\" content=\"article\" \/>\n<meta property=\"og:title\" content=\"Elektrolysef\u00f6rderung: Erste Auktion der Europ\u00e4ischen Wasserstoffbank - EMCEL\" \/>\n<meta property=\"og:description\" content=\"Die erste Auktion der Europ\u00e4ischen Wasserstoffbank ist angelaufen. Bieter k\u00f6nnen sich bis zum 8. Februar 2024 bewerben.\" \/>\n<meta property=\"og:url\" content=\"https:\/\/emcel.com\/de\/elektrolysefoerderung-wasserstoffbank\/\" \/>\n<meta property=\"og:site_name\" content=\"EMCEL\" \/>\n<meta property=\"article:published_time\" content=\"2023-12-06T10:08:56+00:00\" \/>\n<meta property=\"article:modified_time\" content=\"2024-05-03T12:37:02+00:00\" \/>\n<meta property=\"og:image\" content=\"https:\/\/emcel.com\/de\/wp-content\/uploads\/2023\/12\/Elektrolyseur.png\" \/>\n\t<meta property=\"og:image:width\" content=\"965\" \/>\n\t<meta property=\"og:image:height\" content=\"664\" \/>\n\t<meta property=\"og:image:type\" content=\"image\/png\" \/>\n<meta name=\"author\" content=\"Marcel Corneille\" \/>\n<meta name=\"twitter:card\" content=\"summary_large_image\" \/>\n<meta name=\"twitter:label1\" content=\"Verfasst von\" \/>\n\t<meta name=\"twitter:data1\" content=\"Marcel Corneille\" \/>\n\t<meta name=\"twitter:label2\" content=\"Gesch\u00e4tzte Lesezeit\" \/>\n\t<meta name=\"twitter:data2\" content=\"2\u00a0Minuten\" \/>\n<script type=\"application\/ld+json\" class=\"yoast-schema-graph\">{\"@context\":\"https:\\\/\\\/schema.org\",\"@graph\":[{\"@type\":\"Article\",\"@id\":\"https:\\\/\\\/emcel.com\\\/de\\\/elektrolysefoerderung-wasserstoffbank\\\/#article\",\"isPartOf\":{\"@id\":\"https:\\\/\\\/emcel.com\\\/de\\\/elektrolysefoerderung-wasserstoffbank\\\/\"},\"author\":{\"name\":\"Marcel Corneille\",\"@id\":\"https:\\\/\\\/emcel.com\\\/de\\\/#\\\/schema\\\/person\\\/a726455ea961f8aae2ffa2b0bf156be6\"},\"headline\":\"Elektrolysef\u00f6rderung: Erste Auktion der Europ\u00e4ischen Wasserstoffbank\",\"datePublished\":\"2023-12-06T10:08:56+00:00\",\"dateModified\":\"2024-05-03T12:37:02+00:00\",\"mainEntityOfPage\":{\"@id\":\"https:\\\/\\\/emcel.com\\\/de\\\/elektrolysefoerderung-wasserstoffbank\\\/\"},\"wordCount\":260,\"image\":{\"@id\":\"https:\\\/\\\/emcel.com\\\/de\\\/elektrolysefoerderung-wasserstoffbank\\\/#primaryimage\"},\"thumbnailUrl\":\"https:\\\/\\\/emcel.com\\\/de\\\/wp-content\\\/uploads\\\/2023\\\/12\\\/Elektrolyseur.png\",\"keywords\":[\"Elektrolyse\",\"erneuerbarer Wasserstoff\",\"F\u00f6rderung\",\"Wasserstoff\"],\"articleSection\":[\"Aktuelles\"],\"inLanguage\":\"de\"},{\"@type\":\"WebPage\",\"@id\":\"https:\\\/\\\/emcel.com\\\/de\\\/elektrolysefoerderung-wasserstoffbank\\\/\",\"url\":\"https:\\\/\\\/emcel.com\\\/de\\\/elektrolysefoerderung-wasserstoffbank\\\/\",\"name\":\"Elektrolysef\u00f6rderung: Erste Auktion der Europ\u00e4ischen Wasserstoffbank - EMCEL\",\"isPartOf\":{\"@id\":\"https:\\\/\\\/emcel.com\\\/de\\\/#website\"},\"primaryImageOfPage\":{\"@id\":\"https:\\\/\\\/emcel.com\\\/de\\\/elektrolysefoerderung-wasserstoffbank\\\/#primaryimage\"},\"image\":{\"@id\":\"https:\\\/\\\/emcel.com\\\/de\\\/elektrolysefoerderung-wasserstoffbank\\\/#primaryimage\"},\"thumbnailUrl\":\"https:\\\/\\\/emcel.com\\\/de\\\/wp-content\\\/uploads\\\/2023\\\/12\\\/Elektrolyseur.png\",\"datePublished\":\"2023-12-06T10:08:56+00:00\",\"dateModified\":\"2024-05-03T12:37:02+00:00\",\"author\":{\"@id\":\"https:\\\/\\\/emcel.com\\\/de\\\/#\\\/schema\\\/person\\\/a726455ea961f8aae2ffa2b0bf156be6\"},\"description\":\"Die erste Auktion der Europ\u00e4ischen Wasserstoffbank ist angelaufen. Bieter k\u00f6nnen sich bis zum 8. Februar 2024 bewerben.\",\"breadcrumb\":{\"@id\":\"https:\\\/\\\/emcel.com\\\/de\\\/elektrolysefoerderung-wasserstoffbank\\\/#breadcrumb\"},\"inLanguage\":\"de\",\"potentialAction\":[{\"@type\":\"ReadAction\",\"target\":[\"https:\\\/\\\/emcel.com\\\/de\\\/elektrolysefoerderung-wasserstoffbank\\\/\"]}]},{\"@type\":\"ImageObject\",\"inLanguage\":\"de\",\"@id\":\"https:\\\/\\\/emcel.com\\\/de\\\/elektrolysefoerderung-wasserstoffbank\\\/#primaryimage\",\"url\":\"https:\\\/\\\/emcel.com\\\/de\\\/wp-content\\\/uploads\\\/2023\\\/12\\\/Elektrolyseur.png\",\"contentUrl\":\"https:\\\/\\\/emcel.com\\\/de\\\/wp-content\\\/uploads\\\/2023\\\/12\\\/Elektrolyseur.png\",\"width\":965,\"height\":664,\"caption\":\"Elektrolyseur\"},{\"@type\":\"BreadcrumbList\",\"@id\":\"https:\\\/\\\/emcel.com\\\/de\\\/elektrolysefoerderung-wasserstoffbank\\\/#breadcrumb\",\"itemListElement\":[{\"@type\":\"ListItem\",\"position\":1,\"name\":\"Home\",\"item\":\"https:\\\/\\\/emcel.com\\\/de\\\/\"},{\"@type\":\"ListItem\",\"position\":2,\"name\":\"Elektrolysef\u00f6rderung: Erste Auktion der Europ\u00e4ischen Wasserstoffbank\"}]},{\"@type\":\"WebSite\",\"@id\":\"https:\\\/\\\/emcel.com\\\/de\\\/#website\",\"url\":\"https:\\\/\\\/emcel.com\\\/de\\\/\",\"name\":\"EMCEL\",\"description\":\"Ingenieurb\u00fcro f\u00fcr Brennstoffzelle, Wasserstofftechnologie und Elektromobilit\u00e4t\",\"potentialAction\":[{\"@type\":\"SearchAction\",\"target\":{\"@type\":\"EntryPoint\",\"urlTemplate\":\"https:\\\/\\\/emcel.com\\\/de\\\/?s={search_term_string}\"},\"query-input\":{\"@type\":\"PropertyValueSpecification\",\"valueRequired\":true,\"valueName\":\"search_term_string\"}}],\"inLanguage\":\"de\"},{\"@type\":\"Person\",\"@id\":\"https:\\\/\\\/emcel.com\\\/de\\\/#\\\/schema\\\/person\\\/a726455ea961f8aae2ffa2b0bf156be6\",\"name\":\"Marcel Corneille\",\"image\":{\"@type\":\"ImageObject\",\"inLanguage\":\"de\",\"@id\":\"https:\\\/\\\/secure.gravatar.com\\\/avatar\\\/2a68c0f67757e3182406253f527f5c3ebe8d69038b531af75c6825ee74c9cbea?s=96&d=mm&r=g\",\"url\":\"https:\\\/\\\/secure.gravatar.com\\\/avatar\\\/2a68c0f67757e3182406253f527f5c3ebe8d69038b531af75c6825ee74c9cbea?s=96&d=mm&r=g\",\"contentUrl\":\"https:\\\/\\\/secure.gravatar.com\\\/avatar\\\/2a68c0f67757e3182406253f527f5c3ebe8d69038b531af75c6825ee74c9cbea?s=96&d=mm&r=g\",\"caption\":\"Marcel Corneille\"},\"url\":\"https:\\\/\\\/emcel.com\\\/de\\\/author\\\/marcelcorneille\\\/\"}]}<\/script>\n<!-- \/ Yoast SEO plugin. -->","yoast_head_json":{"title":"Elektrolysef\u00f6rderung: Erste Auktion der Europ\u00e4ischen Wasserstoffbank - EMCEL","description":"Die erste Auktion der Europ\u00e4ischen Wasserstoffbank ist angelaufen. Bieter k\u00f6nnen sich bis zum 8. Februar 2024 bewerben.","robots":{"index":"noindex","follow":"follow"},"og_locale":"de_DE","og_type":"article","og_title":"Elektrolysef\u00f6rderung: Erste Auktion der Europ\u00e4ischen Wasserstoffbank - EMCEL","og_description":"Die erste Auktion der Europ\u00e4ischen Wasserstoffbank ist angelaufen. Bieter k\u00f6nnen sich bis zum 8. Februar 2024 bewerben.","og_url":"https:\/\/emcel.com\/de\/elektrolysefoerderung-wasserstoffbank\/","og_site_name":"EMCEL","article_published_time":"2023-12-06T10:08:56+00:00","article_modified_time":"2024-05-03T12:37:02+00:00","og_image":[{"width":965,"height":664,"url":"https:\/\/emcel.com\/de\/wp-content\/uploads\/2023\/12\/Elektrolyseur.png","type":"image\/png"}],"author":"Marcel Corneille","twitter_card":"summary_large_image","twitter_misc":{"Verfasst von":"Marcel Corneille","Gesch\u00e4tzte Lesezeit":"2\u00a0Minuten"},"schema":{"@context":"https:\/\/schema.org","@graph":[{"@type":"Article","@id":"https:\/\/emcel.com\/de\/elektrolysefoerderung-wasserstoffbank\/#article","isPartOf":{"@id":"https:\/\/emcel.com\/de\/elektrolysefoerderung-wasserstoffbank\/"},"author":{"name":"Marcel Corneille","@id":"https:\/\/emcel.com\/de\/#\/schema\/person\/a726455ea961f8aae2ffa2b0bf156be6"},"headline":"Elektrolysef\u00f6rderung: Erste Auktion der Europ\u00e4ischen Wasserstoffbank","datePublished":"2023-12-06T10:08:56+00:00","dateModified":"2024-05-03T12:37:02+00:00","mainEntityOfPage":{"@id":"https:\/\/emcel.com\/de\/elektrolysefoerderung-wasserstoffbank\/"},"wordCount":260,"image":{"@id":"https:\/\/emcel.com\/de\/elektrolysefoerderung-wasserstoffbank\/#primaryimage"},"thumbnailUrl":"https:\/\/emcel.com\/de\/wp-content\/uploads\/2023\/12\/Elektrolyseur.png","keywords":["Elektrolyse","erneuerbarer Wasserstoff","F\u00f6rderung","Wasserstoff"],"articleSection":["Aktuelles"],"inLanguage":"de"},{"@type":"WebPage","@id":"https:\/\/emcel.com\/de\/elektrolysefoerderung-wasserstoffbank\/","url":"https:\/\/emcel.com\/de\/elektrolysefoerderung-wasserstoffbank\/","name":"Elektrolysef\u00f6rderung: Erste Auktion der Europ\u00e4ischen Wasserstoffbank - EMCEL","isPartOf":{"@id":"https:\/\/emcel.com\/de\/#website"},"primaryImageOfPage":{"@id":"https:\/\/emcel.com\/de\/elektrolysefoerderung-wasserstoffbank\/#primaryimage"},"image":{"@id":"https:\/\/emcel.com\/de\/elektrolysefoerderung-wasserstoffbank\/#primaryimage"},"thumbnailUrl":"https:\/\/emcel.com\/de\/wp-content\/uploads\/2023\/12\/Elektrolyseur.png","datePublished":"2023-12-06T10:08:56+00:00","dateModified":"2024-05-03T12:37:02+00:00","author":{"@id":"https:\/\/emcel.com\/de\/#\/schema\/person\/a726455ea961f8aae2ffa2b0bf156be6"},"description":"Die erste Auktion der Europ\u00e4ischen Wasserstoffbank ist angelaufen. Bieter k\u00f6nnen sich bis zum 8. Februar 2024 bewerben.","breadcrumb":{"@id":"https:\/\/emcel.com\/de\/elektrolysefoerderung-wasserstoffbank\/#breadcrumb"},"inLanguage":"de","potentialAction":[{"@type":"ReadAction","target":["https:\/\/emcel.com\/de\/elektrolysefoerderung-wasserstoffbank\/"]}]},{"@type":"ImageObject","inLanguage":"de","@id":"https:\/\/emcel.com\/de\/elektrolysefoerderung-wasserstoffbank\/#primaryimage","url":"https:\/\/emcel.com\/de\/wp-content\/uploads\/2023\/12\/Elektrolyseur.png","contentUrl":"https:\/\/emcel.com\/de\/wp-content\/uploads\/2023\/12\/Elektrolyseur.png","width":965,"height":664,"caption":"Elektrolyseur"},{"@type":"BreadcrumbList","@id":"https:\/\/emcel.com\/de\/elektrolysefoerderung-wasserstoffbank\/#breadcrumb","itemListElement":[{"@type":"ListItem","position":1,"name":"Home","item":"https:\/\/emcel.com\/de\/"},{"@type":"ListItem","position":2,"name":"Elektrolysef\u00f6rderung: Erste Auktion der Europ\u00e4ischen Wasserstoffbank"}]},{"@type":"WebSite","@id":"https:\/\/emcel.com\/de\/#website","url":"https:\/\/emcel.com\/de\/","name":"EMCEL","description":"Ingenieurb\u00fcro f\u00fcr Brennstoffzelle, Wasserstofftechnologie und Elektromobilit\u00e4t","potentialAction":[{"@type":"SearchAction","target":{"@type":"EntryPoint","urlTemplate":"https:\/\/emcel.com\/de\/?s={search_term_string}"},"query-input":{"@type":"PropertyValueSpecification","valueRequired":true,"valueName":"search_term_string"}}],"inLanguage":"de"},{"@type":"Person","@id":"https:\/\/emcel.com\/de\/#\/schema\/person\/a726455ea961f8aae2ffa2b0bf156be6","name":"Marcel Corneille","image":{"@type":"ImageObject","inLanguage":"de","@id":"https:\/\/secure.gravatar.com\/avatar\/2a68c0f67757e3182406253f527f5c3ebe8d69038b531af75c6825ee74c9cbea?s=96&d=mm&r=g","url":"https:\/\/secure.gravatar.com\/avatar\/2a68c0f67757e3182406253f527f5c3ebe8d69038b531af75c6825ee74c9cbea?s=96&d=mm&r=g","contentUrl":"https:\/\/secure.gravatar.com\/avatar\/2a68c0f67757e3182406253f527f5c3ebe8d69038b531af75c6825ee74c9cbea?s=96&d=mm&r=g","caption":"Marcel Corneille"},"url":"https:\/\/emcel.com\/de\/author\/marcelcorneille\/"}]}},"_links":{"self":[{"href":"https:\/\/emcel.com\/de\/wp-json\/wp\/v2\/posts\/6170","targetHints":{"allow":["GET"]}}],"collection":[{"href":"https:\/\/emcel.com\/de\/wp-json\/wp\/v2\/posts"}],"about":[{"href":"https:\/\/emcel.com\/de\/wp-json\/wp\/v2\/types\/post"}],"author":[{"embeddable":true,"href":"https:\/\/emcel.com\/de\/wp-json\/wp\/v2\/users\/2"}],"replies":[{"embeddable":true,"href":"https:\/\/emcel.com\/de\/wp-json\/wp\/v2\/comments?post=6170"}],"version-history":[{"count":23,"href":"https:\/\/emcel.com\/de\/wp-json\/wp\/v2\/posts\/6170\/revisions"}],"predecessor-version":[{"id":6686,"href":"https:\/\/emcel.com\/de\/wp-json\/wp\/v2\/posts\/6170\/revisions\/6686"}],"wp:featuredmedia":[{"embeddable":true,"href":"https:\/\/emcel.com\/de\/wp-json\/wp\/v2\/media\/6176"}],"wp:attachment":[{"href":"https:\/\/emcel.com\/de\/wp-json\/wp\/v2\/media?parent=6170"}],"wp:term":[{"taxonomy":"category","embeddable":true,"href":"https:\/\/emcel.com\/de\/wp-json\/wp\/v2\/categories?post=6170"},{"taxonomy":"post_tag","embeddable":true,"href":"https:\/\/emcel.com\/de\/wp-json\/wp\/v2\/tags?post=6170"},{"taxonomy":"series","embeddable":true,"href":"https:\/\/emcel.com\/de\/wp-json\/wp\/v2\/series?post=6170"}],"curies":[{"name":"wp","href":"https:\/\/api.w.org\/{rel}","templated":true}]}}