{"id":2359,"date":"2025-02-16T00:05:00","date_gmt":"2025-02-15T23:05:00","guid":{"rendered":"https:\/\/emcel.com\/de\/?p=2359"},"modified":"2025-03-14T15:46:27","modified_gmt":"2025-03-14T14:46:27","slug":"bedarf-e-busse","status":"publish","type":"post","link":"https:\/\/emcel.com\/de\/bedarf-e-busse\/","title":{"rendered":"Wie entwickelt sich der Bedarf an Elektrobussen in den n\u00e4chsten Jahren?"},"content":{"rendered":"<p>In den kommenden Jahren wird der Bedarf an Elektrobussen deutlich steigen. Wir geben einen \u00dcberblick \u00fcber den aktuellen Stand und die Marktentwicklung f\u00fcr Elektrobusse in Deutschland (Aktualisierung der Frage des Monats vom 16. Februar 2024).<!--more--><\/p>\n<p>Der Anteil von Elektrobussen an den Neuzulassungen im \u00d6PNV betr\u00e4gt heute ca. 16 %. In Deutschland sind etwa 40.000 \u00d6PNV-Busse in Betrieb. N\u00e4herungsweise werden davon etwa 4.000 Fahrzeuge j\u00e4hrlich neu beschafft. Im Jahr 2024 hatten nach den Daten des KBA 876 Neufahrzeuge einen elektrischen Antrieb; ein Anstieg von ca. 4% im Vergleich zu 2023. Dazu z\u00e4hlen mehrere verschiedene Antriebsarten, also BEV-Busse, Brennstoffzellenbusse und Plug-In-Hybride. Die Bedeutung der verschiedenen Antriebsarten f\u00fcr den Markthochlauf ist nicht einfach in den ver\u00f6ffentlichten Zahlen ersichtlich und wird in der n\u00e4chsten <a href=\"https:\/\/emcel.com\/de\/zugelassene-e-busse-2024\/\" target=\"_blank\" rel=\"noopener\">Frage des Monats (16. M\u00e4rz 2025)<\/a> thematisiert.<\/p>\n<p>Die Wirtschaftswissenschaft geht davon aus, dass sich die Marktdurchdringung von neuen Produkten typischerweise in Form einer S-Kurve vollzieht. Die rautenf\u00f6rmigen Markierungen in der Grafik zeigen verschiedene Zielmarken, die sich die EU und Deutschland gesetzt haben. Aus diesen Zielmarken l\u00e4sst sich der Bedarf an E-Bussen und die notwendige j\u00e4hrliche Neubeschaffung zur Erreichung dieser Zielmarken absch\u00e4tzen. Was hei\u00dft das in Bezug auf die deutschen Klimaziele?<\/p>\n<h4><strong>Deutsche Klimaziele im Verkehrssektor<\/strong><\/h4>\n<p>Deutschland hat sich zum Ziel gesetzt, die verkehrsbedingten Emissionen (Stra\u00dfen-, Schienen-, Wasser- und Luftverkehr) bis 2030 um 40 % zu reduzieren (orange Linie in der Grafik). Nimmt man an, dass die Schifffahrt und besonders der Luftverkehr auf Grund von technischen Beschr\u00e4nkungen bis 2030 keinen ausreichenden Beitrag leisten k\u00f6nnen, k\u00f6nnte der entsprechende Anteil des Stra\u00dfenverkehrs zur Erreichung dieser Ziele nach Sch\u00e4tzungen von EMCEL auf 50 % steigen. Entsprechend muss der notwendige Hochlauf emissionsfreier Busse fr\u00fcher erfolgen (gestrichelte orange Linie).<\/p>\n<h4>Clean Vehicle Directive<\/h4>\n<p>Die <a href=\"https:\/\/transport.ec.europa.eu\/transport-themes\/clean-transport\/clean-and-energy-efficient-vehicles\/clean-vehicles-directive_en\" target=\"_blank\" rel=\"noopener\">Clean Vehicle Directive<\/a> (CVD) der EU legt zwei Ziele f\u00fcr die Neubeschaffung von Bussen mit emissionsfreien Antrieben (Batterie,- Oberleitungs-, oder Brennstoffzellenbusse) fest. Das erste Ziel (blaue Raute\/Linie) besagt, dass bis 2025 45 % der neu zugelassenen Busse mit entsprechenden Antrieben ausgestattet sein sollen. Als zweites Ziel (gr\u00fcne Raute\/Linie) sollen 2030 65 % der Neuzulassungen alternative Antriebe besitzen. Um das jeweilige Ziel zu erreichen, m\u00fcssen die Neuzulassungen in den n\u00e4chsten Jahren entsprechend der blauen bzw. gr\u00fcnen Linien wachsen.<\/p>\n<p><strong>Bundesf\u00f6rderung f\u00fcr Elektrobusse<\/strong><\/p>\n<p>In den Jahren bis 2022 lagen die Neubeschaffungen von Elektrobussen trotz den Einfl\u00fcssen der Pandemie \u00fcber der Kurve des prognostizierten notwendigen Markthochlaufs, erkennbar an den hellblauen Dreiecken im Diagramm. Diese Entwicklung hing unmittelbar mit der F\u00f6rderung des Bundesministeriums f\u00fcr Digitales und Verkehr zusammen, das in den ersten zwei F\u00f6rderaufrufen rund <a href=\"https:\/\/bmdv.bund.de\/SharedDocs\/DE\/Pressemitteilungen\/2023\/028-wissing-moderne-busse-fuer-mehr-klimaschutz.html\" target=\"_blank\" rel=\"noopener\">4.200 Elektrobusse in Deutschland gef\u00f6rdert<\/a> hat (braune Markierungen). In den letzten zwei Jahren hat sich die F\u00f6rderlandschaft auf Bundesebene stark ver\u00e4ndert: im dritten F\u00f6rderaufruf wurden Zuwendungsbescheide f\u00fcr nur <a href=\"https:\/\/bmdv.bund.de\/SharedDocs\/DE\/Pressemitteilungen\/2024\/009-kluckert-dritte-foerderrunde-fuer-saubere-busse-beendet.html\" target=\"_blank\" rel=\"noopener\">186 Busse erteilt<\/a>. Anfang 2024 wurde die Bundesf\u00f6rderung aufgrund fehlender Haushaltsmittel eingestellt. F\u00fcr 2025 werden neue F\u00f6rderungen auf Bundesebene nicht erwartet, was zu einem weiteren R\u00fcckgang der Steigerungsrate f\u00fchren k\u00f6nnte. Da zwischen den F\u00f6rderungen und den finalen Zulassungen der Busse meist einige Jahre liegen, w\u00e4re dieser Effekt erst in den n\u00e4chsten 1-2 Jahre zu beobachten.<\/p>\n<h4><strong>K\u00fcnftiger Bedarf an Elektrobussen<\/strong><\/h4>\n<p>Um die Anforderungen der CVD zu erf\u00fcllen, sind f\u00fcr dieses und die n\u00e4chsten Jahre mehr Neubeschaffungen von emissionsfreien Bussen ben\u00f6tigt. Es bleibt jedoch unklar, inwiefern dieses Ziel ohne die F\u00f6rderunterst\u00fctzung des Bundes m\u00f6glich ist. Denkbar ist, dass die Preise f\u00fcr Elektrobusse mit dem Wegfall der F\u00f6rderung sinken werden, da die Hersteller ihre Produkte dann zu wettbewerbsf\u00e4higeren Preisen anbieten. Es bleibt abzuwarten, ob die Neubeschaffungen von Elektrobussen ausreichen werden, um die gesteckten Ziele zu erreichen.<\/p>\n<p><!-- \/wp:post-content --> <!-- wp:separator --><\/p>\n<hr class=\"wp-block-separator has-alpha-channel-opacity\" \/>\n<p><!-- \/wp:separator --> <!-- wp:paragraph --><\/p>\n<p><!-- \/wp:paragraph --><\/p>\n<p>Wir beraten Sie gerne ausf\u00fchrlich zum Thema \u201eMarktentwicklung und Bedarf an Elektrobussen\u201c:<\/p>\n<ul>\n<li><a href=\"https:\/\/emcel.com\/de\/kontakt\/\" target=\"_blank\" rel=\"noopener noreferrer\">Kontaktieren Sie uns!<\/a><\/li>\n<\/ul>\n<p>F\u00fcr weitere Fragen des Monats und R\u00fcckmeldungen stehen wir gerne zur Verf\u00fcgung:<\/p>\n<ul>\n<li><a href=\"mailto:FragedesMonats@emcel.com\">FragedesMonats@emcel.com<\/a><\/li>\n<\/ul>\n<p><strong>\u00a0<\/strong><\/p>\n","protected":false},"excerpt":{"rendered":"In den kommenden Jahren wird der Bedarf an Elektrobussen deutlich steigen. Wir geben einen \u00dcberblick \u00fcber den aktuellen Stand und die Marktentwicklung f\u00fcr Elektrobusse in Deutschland (Aktualisierung der Frage des Monats vom 16. Februar 2024).","protected":false},"author":2,"featured_media":7419,"comment_status":"closed","ping_status":"closed","sticky":false,"template":"","format":"standard","meta":{"_acf_changed":false,"_genesis_hide_title":false,"_genesis_hide_breadcrumbs":false,"_genesis_hide_singular_image":false,"_genesis_hide_footer_widgets":false,"_genesis_custom_body_class":"","_genesis_custom_post_class":"","_genesis_layout":"","episode_type":"audio","audio_file":"","podmotor_file_id":"","podmotor_episode_id":"","cover_image":"","cover_image_id":"","duration":"","filesize":"","filesize_raw":"","date_recorded":"","explicit":"","block":"","itunes_episode_number":"","itunes_title":"","itunes_season_number":"","itunes_episode_type":"","footnotes":""},"categories":[1],"tags":[21,34,35,10],"series":[],"class_list":{"0":"post-2359","1":"post","2":"type-post","3":"status-publish","4":"format-standard","5":"has-post-thumbnail","7":"category-frage-des-monats","8":"tag-elektrobusse","9":"tag-marktentwicklung","10":"tag-neuzulassung","11":"tag-oepnv","12":"entry"},"acf":[],"episode_featured_image":"https:\/\/emcel.com\/de\/wp-content\/uploads\/2024\/02\/25-02-13-Diagramm-Bedarf-E-Busse.png","episode_player_image":"https:\/\/emcel.com\/de\/wp-content\/uploads\/2026\/04\/Logo.jpg","download_link":"","player_link":"","audio_player":false,"episode_data":{"playerMode":"light","subscribeUrls":{"amazon":{"key":"amazon","url":"","label":"Amazon","class":"amazon","icon":"amazon.png"},"audible":{"key":"audible","url":"","label":"Audible","class":"audible","icon":"audible.png"},"apple_podcasts":{"key":"apple_podcasts","url":"","label":"Apple Podcasts","class":"apple_podcasts","icon":"apple-podcasts.png"},"deezer":{"key":"deezer","url":"","label":"Deezer","class":"deezer","icon":"deezer.png"},"spotify":{"key":"spotify","url":"","label":"Spotify","class":"spotify","icon":"spotify.png"},"youtube":{"key":"youtube","url":"","label":"YouTube","class":"youtube","icon":"youtube.png"}},"rssFeedUrl":"https:\/\/emcel.com\/de\/feed\/podcast\/waermewende-gemeinsam-heute","embedCode":"<blockquote class=\"wp-embedded-content\" data-secret=\"sPAmmGQKZK\"><a href=\"https:\/\/emcel.com\/de\/bedarf-e-busse\/\">Wie entwickelt sich der Bedarf an Elektrobussen in den n\u00e4chsten Jahren?<\/a><\/blockquote><iframe sandbox=\"allow-scripts\" security=\"restricted\" src=\"https:\/\/emcel.com\/de\/bedarf-e-busse\/embed\/#?secret=sPAmmGQKZK\" width=\"500\" height=\"350\" title=\"&#8222;Wie entwickelt sich der Bedarf an Elektrobussen in den n\u00e4chsten Jahren?&#8220; &#8211; EMCEL\" data-secret=\"sPAmmGQKZK\" frameborder=\"0\" marginwidth=\"0\" marginheight=\"0\" scrolling=\"no\" class=\"wp-embedded-content\"><\/iframe><script type=\"text\/javascript\">\n\/* <![CDATA[ *\/\n\/*! This file is auto-generated *\/\n!function(d,l){\"use strict\";l.querySelector&&d.addEventListener&&\"undefined\"!=typeof URL&&(d.wp=d.wp||{},d.wp.receiveEmbedMessage||(d.wp.receiveEmbedMessage=function(e){var t=e.data;if((t||t.secret||t.message||t.value)&&!\/[^a-zA-Z0-9]\/.test(t.secret)){for(var s,r,n,a=l.querySelectorAll('iframe[data-secret=\"'+t.secret+'\"]'),o=l.querySelectorAll('blockquote[data-secret=\"'+t.secret+'\"]'),c=new RegExp(\"^https?:$\",\"i\"),i=0;i<o.length;i++)o[i].style.display=\"none\";for(i=0;i<a.length;i++)s=a[i],e.source===s.contentWindow&&(s.removeAttribute(\"style\"),\"height\"===t.message?(1e3<(r=parseInt(t.value,10))?r=1e3:~~r<200&&(r=200),s.height=r):\"link\"===t.message&&(r=new URL(s.getAttribute(\"src\")),n=new URL(t.value),c.test(n.protocol))&&n.host===r.host&&l.activeElement===s&&(d.top.location.href=t.value))}},d.addEventListener(\"message\",d.wp.receiveEmbedMessage,!1),l.addEventListener(\"DOMContentLoaded\",function(){for(var e,t,s=l.querySelectorAll(\"iframe.wp-embedded-content\"),r=0;r<s.length;r++)(t=(e=s[r]).getAttribute(\"data-secret\"))||(t=Math.random().toString(36).substring(2,12),e.src+=\"#?secret=\"+t,e.setAttribute(\"data-secret\",t)),e.contentWindow.postMessage({message:\"ready\",secret:t},\"*\")},!1)))}(window,document);\n\/\/# sourceURL=https:\/\/emcel.com\/de\/wp-includes\/js\/wp-embed.min.js\n\/* ]]> *\/\n<\/script>\n"},"yoast_head":"<!-- This site is optimized with the Yoast SEO plugin v27.3 - https:\/\/yoast.com\/product\/yoast-seo-wordpress\/ -->\n<title>Wie entwickelt sich k\u00fcnftig der Bedarf an Elektrobussen?<\/title>\n<meta name=\"description\" content=\"In den kommenden Jahren wird der Bedarf an Elektrobussen deutlich steigen. Wir geben einen \u00dcberblick \u00fcber den aktuellen Stand und die Marktentwicklung f\u00fcr Elektrobusse in Deutschland\" \/>\n<meta name=\"robots\" content=\"index, follow, max-snippet:-1, max-image-preview:large, max-video-preview:-1\" \/>\n<link rel=\"canonical\" href=\"https:\/\/emcel.com\/de\/bedarf-e-busse\/\" \/>\n<meta property=\"og:locale\" content=\"de_DE\" \/>\n<meta property=\"og:type\" content=\"article\" \/>\n<meta property=\"og:title\" content=\"Wie entwickelt sich k\u00fcnftig der Bedarf an Elektrobussen?\" \/>\n<meta property=\"og:description\" content=\"In den kommenden Jahren wird der Bedarf an Elektrobussen deutlich steigen. Wir geben einen \u00dcberblick \u00fcber den aktuellen Stand und die Marktentwicklung f\u00fcr Elektrobusse in Deutschland\" \/>\n<meta property=\"og:url\" content=\"https:\/\/emcel.com\/de\/bedarf-e-busse\/\" \/>\n<meta property=\"og:site_name\" content=\"EMCEL\" \/>\n<meta property=\"article:published_time\" content=\"2025-02-15T23:05:00+00:00\" \/>\n<meta property=\"article:modified_time\" content=\"2025-03-14T14:46:27+00:00\" \/>\n<meta property=\"og:image\" content=\"https:\/\/emcel.com\/de\/wp-content\/uploads\/2024\/02\/25-02-13-Diagramm-Bedarf-E-Busse.png\" \/>\n\t<meta property=\"og:image:width\" content=\"1044\" \/>\n\t<meta property=\"og:image:height\" content=\"676\" \/>\n\t<meta property=\"og:image:type\" content=\"image\/png\" \/>\n<meta name=\"author\" content=\"Marcel Corneille\" \/>\n<meta name=\"twitter:card\" content=\"summary_large_image\" \/>\n<meta name=\"twitter:label1\" content=\"Verfasst von\" \/>\n\t<meta name=\"twitter:data1\" content=\"Marcel Corneille\" \/>\n\t<meta name=\"twitter:label2\" content=\"Gesch\u00e4tzte Lesezeit\" \/>\n\t<meta name=\"twitter:data2\" content=\"4\u00a0Minuten\" \/>\n<script type=\"application\/ld+json\" class=\"yoast-schema-graph\">{\"@context\":\"https:\\\/\\\/schema.org\",\"@graph\":[{\"@type\":\"Article\",\"@id\":\"https:\\\/\\\/emcel.com\\\/de\\\/bedarf-e-busse\\\/#article\",\"isPartOf\":{\"@id\":\"https:\\\/\\\/emcel.com\\\/de\\\/bedarf-e-busse\\\/\"},\"author\":{\"name\":\"Marcel Corneille\",\"@id\":\"https:\\\/\\\/emcel.com\\\/de\\\/#\\\/schema\\\/person\\\/a726455ea961f8aae2ffa2b0bf156be6\"},\"headline\":\"Wie entwickelt sich der Bedarf an Elektrobussen in den n\u00e4chsten Jahren?\",\"datePublished\":\"2025-02-15T23:05:00+00:00\",\"dateModified\":\"2025-03-14T14:46:27+00:00\",\"mainEntityOfPage\":{\"@id\":\"https:\\\/\\\/emcel.com\\\/de\\\/bedarf-e-busse\\\/\"},\"wordCount\":644,\"image\":{\"@id\":\"https:\\\/\\\/emcel.com\\\/de\\\/bedarf-e-busse\\\/#primaryimage\"},\"thumbnailUrl\":\"https:\\\/\\\/emcel.com\\\/de\\\/wp-content\\\/uploads\\\/2024\\\/02\\\/25-02-13-Diagramm-Bedarf-E-Busse.png\",\"keywords\":[\"Elektrobusse\",\"Marktentwicklung\",\"Neuzulassung\",\"\u00d6PNV\"],\"articleSection\":[\"Frage des Monats\"],\"inLanguage\":\"de\"},{\"@type\":\"WebPage\",\"@id\":\"https:\\\/\\\/emcel.com\\\/de\\\/bedarf-e-busse\\\/\",\"url\":\"https:\\\/\\\/emcel.com\\\/de\\\/bedarf-e-busse\\\/\",\"name\":\"Wie entwickelt sich k\u00fcnftig der Bedarf an Elektrobussen?\",\"isPartOf\":{\"@id\":\"https:\\\/\\\/emcel.com\\\/de\\\/#website\"},\"primaryImageOfPage\":{\"@id\":\"https:\\\/\\\/emcel.com\\\/de\\\/bedarf-e-busse\\\/#primaryimage\"},\"image\":{\"@id\":\"https:\\\/\\\/emcel.com\\\/de\\\/bedarf-e-busse\\\/#primaryimage\"},\"thumbnailUrl\":\"https:\\\/\\\/emcel.com\\\/de\\\/wp-content\\\/uploads\\\/2024\\\/02\\\/25-02-13-Diagramm-Bedarf-E-Busse.png\",\"datePublished\":\"2025-02-15T23:05:00+00:00\",\"dateModified\":\"2025-03-14T14:46:27+00:00\",\"author\":{\"@id\":\"https:\\\/\\\/emcel.com\\\/de\\\/#\\\/schema\\\/person\\\/a726455ea961f8aae2ffa2b0bf156be6\"},\"description\":\"In den kommenden Jahren wird der Bedarf an Elektrobussen deutlich steigen. Wir geben einen \u00dcberblick \u00fcber den aktuellen Stand und die Marktentwicklung f\u00fcr Elektrobusse in Deutschland\",\"breadcrumb\":{\"@id\":\"https:\\\/\\\/emcel.com\\\/de\\\/bedarf-e-busse\\\/#breadcrumb\"},\"inLanguage\":\"de\",\"potentialAction\":[{\"@type\":\"ReadAction\",\"target\":[\"https:\\\/\\\/emcel.com\\\/de\\\/bedarf-e-busse\\\/\"]}]},{\"@type\":\"ImageObject\",\"inLanguage\":\"de\",\"@id\":\"https:\\\/\\\/emcel.com\\\/de\\\/bedarf-e-busse\\\/#primaryimage\",\"url\":\"https:\\\/\\\/emcel.com\\\/de\\\/wp-content\\\/uploads\\\/2024\\\/02\\\/25-02-13-Diagramm-Bedarf-E-Busse.png\",\"contentUrl\":\"https:\\\/\\\/emcel.com\\\/de\\\/wp-content\\\/uploads\\\/2024\\\/02\\\/25-02-13-Diagramm-Bedarf-E-Busse.png\",\"width\":1044,\"height\":676,\"caption\":\"Bedarf E Busse\"},{\"@type\":\"BreadcrumbList\",\"@id\":\"https:\\\/\\\/emcel.com\\\/de\\\/bedarf-e-busse\\\/#breadcrumb\",\"itemListElement\":[{\"@type\":\"ListItem\",\"position\":1,\"name\":\"Home\",\"item\":\"https:\\\/\\\/emcel.com\\\/de\\\/\"},{\"@type\":\"ListItem\",\"position\":2,\"name\":\"Wie entwickelt sich der Bedarf an Elektrobussen in den n\u00e4chsten Jahren?\"}]},{\"@type\":\"WebSite\",\"@id\":\"https:\\\/\\\/emcel.com\\\/de\\\/#website\",\"url\":\"https:\\\/\\\/emcel.com\\\/de\\\/\",\"name\":\"EMCEL\",\"description\":\"Ingenieurb\u00fcro f\u00fcr Brennstoffzelle, Wasserstofftechnologie und Elektromobilit\u00e4t\",\"potentialAction\":[{\"@type\":\"SearchAction\",\"target\":{\"@type\":\"EntryPoint\",\"urlTemplate\":\"https:\\\/\\\/emcel.com\\\/de\\\/?s={search_term_string}\"},\"query-input\":{\"@type\":\"PropertyValueSpecification\",\"valueRequired\":true,\"valueName\":\"search_term_string\"}}],\"inLanguage\":\"de\"},{\"@type\":\"Person\",\"@id\":\"https:\\\/\\\/emcel.com\\\/de\\\/#\\\/schema\\\/person\\\/a726455ea961f8aae2ffa2b0bf156be6\",\"name\":\"Marcel Corneille\",\"image\":{\"@type\":\"ImageObject\",\"inLanguage\":\"de\",\"@id\":\"https:\\\/\\\/secure.gravatar.com\\\/avatar\\\/2a68c0f67757e3182406253f527f5c3ebe8d69038b531af75c6825ee74c9cbea?s=96&d=mm&r=g\",\"url\":\"https:\\\/\\\/secure.gravatar.com\\\/avatar\\\/2a68c0f67757e3182406253f527f5c3ebe8d69038b531af75c6825ee74c9cbea?s=96&d=mm&r=g\",\"contentUrl\":\"https:\\\/\\\/secure.gravatar.com\\\/avatar\\\/2a68c0f67757e3182406253f527f5c3ebe8d69038b531af75c6825ee74c9cbea?s=96&d=mm&r=g\",\"caption\":\"Marcel Corneille\"},\"url\":\"https:\\\/\\\/emcel.com\\\/de\\\/author\\\/marcelcorneille\\\/\"}]}<\/script>\n<!-- \/ Yoast SEO plugin. -->","yoast_head_json":{"title":"Wie entwickelt sich k\u00fcnftig der Bedarf an Elektrobussen?","description":"In den kommenden Jahren wird der Bedarf an Elektrobussen deutlich steigen. Wir geben einen \u00dcberblick \u00fcber den aktuellen Stand und die Marktentwicklung f\u00fcr Elektrobusse in Deutschland","robots":{"index":"index","follow":"follow","max-snippet":"max-snippet:-1","max-image-preview":"max-image-preview:large","max-video-preview":"max-video-preview:-1"},"canonical":"https:\/\/emcel.com\/de\/bedarf-e-busse\/","og_locale":"de_DE","og_type":"article","og_title":"Wie entwickelt sich k\u00fcnftig der Bedarf an Elektrobussen?","og_description":"In den kommenden Jahren wird der Bedarf an Elektrobussen deutlich steigen. Wir geben einen \u00dcberblick \u00fcber den aktuellen Stand und die Marktentwicklung f\u00fcr Elektrobusse in Deutschland","og_url":"https:\/\/emcel.com\/de\/bedarf-e-busse\/","og_site_name":"EMCEL","article_published_time":"2025-02-15T23:05:00+00:00","article_modified_time":"2025-03-14T14:46:27+00:00","og_image":[{"width":1044,"height":676,"url":"https:\/\/emcel.com\/de\/wp-content\/uploads\/2024\/02\/25-02-13-Diagramm-Bedarf-E-Busse.png","type":"image\/png"}],"author":"Marcel Corneille","twitter_card":"summary_large_image","twitter_misc":{"Verfasst von":"Marcel Corneille","Gesch\u00e4tzte Lesezeit":"4\u00a0Minuten"},"schema":{"@context":"https:\/\/schema.org","@graph":[{"@type":"Article","@id":"https:\/\/emcel.com\/de\/bedarf-e-busse\/#article","isPartOf":{"@id":"https:\/\/emcel.com\/de\/bedarf-e-busse\/"},"author":{"name":"Marcel Corneille","@id":"https:\/\/emcel.com\/de\/#\/schema\/person\/a726455ea961f8aae2ffa2b0bf156be6"},"headline":"Wie entwickelt sich der Bedarf an Elektrobussen in den n\u00e4chsten Jahren?","datePublished":"2025-02-15T23:05:00+00:00","dateModified":"2025-03-14T14:46:27+00:00","mainEntityOfPage":{"@id":"https:\/\/emcel.com\/de\/bedarf-e-busse\/"},"wordCount":644,"image":{"@id":"https:\/\/emcel.com\/de\/bedarf-e-busse\/#primaryimage"},"thumbnailUrl":"https:\/\/emcel.com\/de\/wp-content\/uploads\/2024\/02\/25-02-13-Diagramm-Bedarf-E-Busse.png","keywords":["Elektrobusse","Marktentwicklung","Neuzulassung","\u00d6PNV"],"articleSection":["Frage des Monats"],"inLanguage":"de"},{"@type":"WebPage","@id":"https:\/\/emcel.com\/de\/bedarf-e-busse\/","url":"https:\/\/emcel.com\/de\/bedarf-e-busse\/","name":"Wie entwickelt sich k\u00fcnftig der Bedarf an Elektrobussen?","isPartOf":{"@id":"https:\/\/emcel.com\/de\/#website"},"primaryImageOfPage":{"@id":"https:\/\/emcel.com\/de\/bedarf-e-busse\/#primaryimage"},"image":{"@id":"https:\/\/emcel.com\/de\/bedarf-e-busse\/#primaryimage"},"thumbnailUrl":"https:\/\/emcel.com\/de\/wp-content\/uploads\/2024\/02\/25-02-13-Diagramm-Bedarf-E-Busse.png","datePublished":"2025-02-15T23:05:00+00:00","dateModified":"2025-03-14T14:46:27+00:00","author":{"@id":"https:\/\/emcel.com\/de\/#\/schema\/person\/a726455ea961f8aae2ffa2b0bf156be6"},"description":"In den kommenden Jahren wird der Bedarf an Elektrobussen deutlich steigen. Wir geben einen \u00dcberblick \u00fcber den aktuellen Stand und die Marktentwicklung f\u00fcr Elektrobusse in Deutschland","breadcrumb":{"@id":"https:\/\/emcel.com\/de\/bedarf-e-busse\/#breadcrumb"},"inLanguage":"de","potentialAction":[{"@type":"ReadAction","target":["https:\/\/emcel.com\/de\/bedarf-e-busse\/"]}]},{"@type":"ImageObject","inLanguage":"de","@id":"https:\/\/emcel.com\/de\/bedarf-e-busse\/#primaryimage","url":"https:\/\/emcel.com\/de\/wp-content\/uploads\/2024\/02\/25-02-13-Diagramm-Bedarf-E-Busse.png","contentUrl":"https:\/\/emcel.com\/de\/wp-content\/uploads\/2024\/02\/25-02-13-Diagramm-Bedarf-E-Busse.png","width":1044,"height":676,"caption":"Bedarf E Busse"},{"@type":"BreadcrumbList","@id":"https:\/\/emcel.com\/de\/bedarf-e-busse\/#breadcrumb","itemListElement":[{"@type":"ListItem","position":1,"name":"Home","item":"https:\/\/emcel.com\/de\/"},{"@type":"ListItem","position":2,"name":"Wie entwickelt sich der Bedarf an Elektrobussen in den n\u00e4chsten Jahren?"}]},{"@type":"WebSite","@id":"https:\/\/emcel.com\/de\/#website","url":"https:\/\/emcel.com\/de\/","name":"EMCEL","description":"Ingenieurb\u00fcro f\u00fcr Brennstoffzelle, Wasserstofftechnologie und Elektromobilit\u00e4t","potentialAction":[{"@type":"SearchAction","target":{"@type":"EntryPoint","urlTemplate":"https:\/\/emcel.com\/de\/?s={search_term_string}"},"query-input":{"@type":"PropertyValueSpecification","valueRequired":true,"valueName":"search_term_string"}}],"inLanguage":"de"},{"@type":"Person","@id":"https:\/\/emcel.com\/de\/#\/schema\/person\/a726455ea961f8aae2ffa2b0bf156be6","name":"Marcel Corneille","image":{"@type":"ImageObject","inLanguage":"de","@id":"https:\/\/secure.gravatar.com\/avatar\/2a68c0f67757e3182406253f527f5c3ebe8d69038b531af75c6825ee74c9cbea?s=96&d=mm&r=g","url":"https:\/\/secure.gravatar.com\/avatar\/2a68c0f67757e3182406253f527f5c3ebe8d69038b531af75c6825ee74c9cbea?s=96&d=mm&r=g","contentUrl":"https:\/\/secure.gravatar.com\/avatar\/2a68c0f67757e3182406253f527f5c3ebe8d69038b531af75c6825ee74c9cbea?s=96&d=mm&r=g","caption":"Marcel Corneille"},"url":"https:\/\/emcel.com\/de\/author\/marcelcorneille\/"}]}},"_links":{"self":[{"href":"https:\/\/emcel.com\/de\/wp-json\/wp\/v2\/posts\/2359","targetHints":{"allow":["GET"]}}],"collection":[{"href":"https:\/\/emcel.com\/de\/wp-json\/wp\/v2\/posts"}],"about":[{"href":"https:\/\/emcel.com\/de\/wp-json\/wp\/v2\/types\/post"}],"author":[{"embeddable":true,"href":"https:\/\/emcel.com\/de\/wp-json\/wp\/v2\/users\/2"}],"replies":[{"embeddable":true,"href":"https:\/\/emcel.com\/de\/wp-json\/wp\/v2\/comments?post=2359"}],"version-history":[{"count":19,"href":"https:\/\/emcel.com\/de\/wp-json\/wp\/v2\/posts\/2359\/revisions"}],"predecessor-version":[{"id":7526,"href":"https:\/\/emcel.com\/de\/wp-json\/wp\/v2\/posts\/2359\/revisions\/7526"}],"wp:featuredmedia":[{"embeddable":true,"href":"https:\/\/emcel.com\/de\/wp-json\/wp\/v2\/media\/7419"}],"wp:attachment":[{"href":"https:\/\/emcel.com\/de\/wp-json\/wp\/v2\/media?parent=2359"}],"wp:term":[{"taxonomy":"category","embeddable":true,"href":"https:\/\/emcel.com\/de\/wp-json\/wp\/v2\/categories?post=2359"},{"taxonomy":"post_tag","embeddable":true,"href":"https:\/\/emcel.com\/de\/wp-json\/wp\/v2\/tags?post=2359"},{"taxonomy":"series","embeddable":true,"href":"https:\/\/emcel.com\/de\/wp-json\/wp\/v2\/series?post=2359"}],"curies":[{"name":"wp","href":"https:\/\/api.w.org\/{rel}","templated":true}]}}